{"id":8018,"date":"2026-07-22T13:51:23","date_gmt":"2026-07-22T11:51:23","guid":{"rendered":"https:\/\/migrantesenigualdad.es\/?p=8018"},"modified":"2026-07-22T13:51:23","modified_gmt":"2026-07-22T11:51:23","slug":"migrantes-en-igualdad-instala-un-punto-informativo-en-la-linea-por-el-dia-europeo-de-las-victimas-de-los-delitos-de-odio","status":"publish","type":"post","link":"https:\/\/migrantesenigualdad.es\/index.php\/2026\/07\/22\/migrantes-en-igualdad-instala-un-punto-informativo-en-la-linea-por-el-dia-europeo-de-las-victimas-de-los-delitos-de-odio\/","title":{"rendered":"Migrantes en Igualdad instala un punto informativo en La L\u00ednea por el D\u00eda Europeo de las V\u00edctimas de los Delitos de Odio"},"content":{"rendered":"<p>El proyecto Migrantes en Igualdad, impulsado por la Fundaci\u00f3n M\u00e1rgenes y V\u00ednculos, se ha sumado hoy martes 22 de julio en la conmemoraci\u00f3n del D\u00eda Europeo en Memoria de las V\u00edctimas de los Delitos de Odio con la instalaci\u00f3n de un punto informativo en La L\u00ednea de la Concepci\u00f3n. El espacio ha estado abierto desde las nueve de la ma\u00f1ana hasta las dos de la tarde en la plaza de la Iglesia.<\/p>\n<p>Durante la jornada, el equipo del proyecto ha ofrecido informaci\u00f3n sobre los delitos de odio y difundir\u00e1 los servicios de atenci\u00f3n, acompa\u00f1amiento social y asesoramiento jur\u00eddico dirigidos a las personas que hayan podido sufrir este tipo de conductas.<\/p>\n<p>La iniciativa forma parte de las acciones que desarrolla Migrantes en Igualdad para prevenir la discriminaci\u00f3n y promover la igualdad de oportunidades, con especial atenci\u00f3n a la poblaci\u00f3n migrante en situaci\u00f3n de vulnerabilidad. El proyecto desarrolla su actividad en el Campo de Gibraltar y en Ceuta, donde presta apoyo a personas afectadas por delitos de odio y trabaja en la defensa de sus derechos.<\/p>\n<p>El punto informativo ha permitido a la ciudadan\u00eda conocer los recursos de protecci\u00f3n y los mecanismos disponibles para identificar y denunciar este tipo de delitos. La actividad tambi\u00e9n facilita el contacto con posibles v\u00edctimas, a quienes el equipo ofrece orientaci\u00f3n y acceso a los recursos de asistencia social y jur\u00eddica.<\/p>\n<p>Migrantes en Igualdad organiza este tipo de jornadas de forma peri\u00f3dica en distintos municipios del Campo de Gibraltar y en la ciudad aut\u00f3noma de Ceuta. El objetivo es acercar sus servicios a un mayor n\u00famero de personas y facilitar el acceso a la informaci\u00f3n y a los recursos de protecci\u00f3n.<\/p>\n<p>El proyecto pertenece a la Fundaci\u00f3n M\u00e1rgenes y V\u00ednculos, una entidad con una amplia trayectoria en la defensa de los derechos humanos y la inclusi\u00f3n social. Su labor adquiere una especial relevancia en el Campo de Gibraltar y Ceuta, dos territorios que concentran una importante atenci\u00f3n a la poblaci\u00f3n migrante por su posici\u00f3n geogr\u00e1fica.<\/p>\n<p>Migrantes en igualdad es una iniciativa contra la xenofobia, el racismo y otras formas de intolerancia asociadas que la Fundaci\u00f3n M\u00e1rgenes y V\u00ednculos lleva a cabo el Campo de Gibraltar y Ceuta con la financiaci\u00f3n del Ministerio de Inclusi\u00f3n, Seguridad Social y Migraciones y la cofinanciaci\u00f3n del Fondo de Asilo, Migraci\u00f3n e Integraci\u00f3n.<\/p>\n","protected":false},"excerpt":{"rendered":"<p>El proyecto Migrantes en Igualdad, impulsado por la Fundaci\u00f3n M\u00e1rgenes y V\u00ednculos, se ha sumado hoy martes 22 de julio en la conmemoraci\u00f3n del D\u00eda Europeo en Memoria de las V\u00edctimas de los Delitos de Odio con la instalaci\u00f3n de un punto informativo en La L\u00ednea de la Concepci\u00f3n. El espacio ha estado abierto desde [&hellip;]<\/p>\n","protected":false},"author":1,"featured_media":8019,"comment_status":"open","ping_status":"closed","sticky":false,"template":"","format":"standard","meta":{"_et_pb_use_builder":"","_et_pb_old_content":"","_et_gb_content_width":"","_jetpack_newsletter_access":"","_jetpack_dont_email_post_to_subs":false,"_jetpack_newsletter_tier_id":0,"_jetpack_memberships_contains_paywalled_content":false,"_jetpack_feature_clip_id":0,"_jetpack_memberships_contains_paid_content":false,"footnotes":"","jetpack_post_was_ever_published":false},"categories":[247],"tags":[],"class_list":["post-8018","post","type-post","status-publish","format-standard","has-post-thumbnail","hentry","category-noticias"],"jetpack_sharing_enabled":true,"jetpack_featured_media_url":"https:\/\/i0.wp.com\/migrantesenigualdad.es\/wp-content\/uploads\/2026\/07\/FMYV-MIGRANTES-ACTO-LA-LINEA.jpeg?fit=1600%2C900&ssl=1","post_mailing_queue_ids":[],"_links":{"self":[{"href":"https:\/\/migrantesenigualdad.es\/index.php\/wp-json\/wp\/v2\/posts\/8018","targetHints":{"allow":["GET"]}}],"collection":[{"href":"https:\/\/migrantesenigualdad.es\/index.php\/wp-json\/wp\/v2\/posts"}],"about":[{"href":"https:\/\/migrantesenigualdad.es\/index.php\/wp-json\/wp\/v2\/types\/post"}],"author":[{"embeddable":true,"href":"https:\/\/migrantesenigualdad.es\/index.php\/wp-json\/wp\/v2\/users\/1"}],"replies":[{"embeddable":true,"href":"https:\/\/migrantesenigualdad.es\/index.php\/wp-json\/wp\/v2\/comments?post=8018"}],"version-history":[{"count":1,"href":"https:\/\/migrantesenigualdad.es\/index.php\/wp-json\/wp\/v2\/posts\/8018\/revisions"}],"predecessor-version":[{"id":8020,"href":"https:\/\/migrantesenigualdad.es\/index.php\/wp-json\/wp\/v2\/posts\/8018\/revisions\/8020"}],"wp:featuredmedia":[{"embeddable":true,"href":"https:\/\/migrantesenigualdad.es\/index.php\/wp-json\/wp\/v2\/media\/8019"}],"wp:attachment":[{"href":"https:\/\/migrantesenigualdad.es\/index.php\/wp-json\/wp\/v2\/media?parent=8018"}],"wp:term":[{"taxonomy":"category","embeddable":true,"href":"https:\/\/migrantesenigualdad.es\/index.php\/wp-json\/wp\/v2\/categories?post=8018"},{"taxonomy":"post_tag","embeddable":true,"href":"https:\/\/migrantesenigualdad.es\/index.php\/wp-json\/wp\/v2\/tags?post=8018"}],"curies":[{"name":"wp","href":"https:\/\/api.w.org\/{rel}","templated":true}]}}