{"id":798,"date":"2021-04-12T12:35:05","date_gmt":"2021-04-12T12:35:05","guid":{"rendered":"https:\/\/migrantesenigualdad.es\/?p=798"},"modified":"2021-06-29T07:08:45","modified_gmt":"2021-06-29T07:08:45","slug":"desmontar-estereotipos-sociales-convivencia","status":"publish","type":"post","link":"https:\/\/migrantesenigualdad.es\/index.php\/2021\/04\/12\/desmontar-estereotipos-sociales-convivencia\/","title":{"rendered":"Estereotipos sociales (III). Abramos los ojos"},"content":{"rendered":"<p>[et_pb_section fb_built=\u00bb1&#8243; _builder_version=\u00bb3.22&#8243; custom_padding=\u00bb0px|||||\u00bb][et_pb_row _builder_version=\u00bb4.2.2&#8243; background_size=\u00bbinitial\u00bb background_position=\u00bbtop_left\u00bb background_repeat=\u00bbrepeat\u00bb custom_margin=\u00bb|auto|-42px|auto||\u00bb custom_padding=\u00bb0px|||||\u00bb][et_pb_column type=\u00bb4_4&#8243; _builder_version=\u00bb3.25&#8243; custom_padding=\u00bb|||\u00bb custom_padding__hover=\u00bb|||\u00bb][et_pb_text _builder_version=\u00bb4.2.2&#8243; text_line_height=\u00bb2em\u00bb custom_padding=\u00bb||0px|||\u00bb inline_fonts=\u00bbAleo\u00bb]<\/p>\n<p style=\"text-align: justify;\"><span style=\"font-size: large; font-family: Aleo; font-weight: normal;\">Hay gente rica y gente pobre, nacional y extranjera, gente heterosexual y gente que no lo es. Las categor\u00edas sociales suelen hacerse con unos criterios fijos y crean estereotipos frecuentes. Parece que ha sido as\u00ed desde siempre y que no hay otras maneras de entender la sociedad. \u201cNosotros\/as\u201d somos as\u00ed y \u201cellos\/as\u201d son <em>asao<\/em>.\u00a0<\/span><\/p>\n<p>[\/et_pb_text][et_pb_text _builder_version=\u00bb4.2.2&#8243; text_font=\u00bbAbril Fatface||||||||\u00bb text_font_size=\u00bb24px\u00bb text_line_height=\u00bb2em\u00bb background_size=\u00bbinitial\u00bb background_position=\u00bbtop_left\u00bb background_repeat=\u00bbrepeat\u00bb custom_padding=\u00bb||0px|||\u00bb inline_fonts=\u00bbAbril Fatface,Abel,Aleo\u00bb]<\/p>\n<blockquote>\n<p><span style=\"font-size: large;\">Pero,<\/span> \u00bfqu\u00e9 pasa si las preguntas son otras?<\/p>\n<\/blockquote>\n<p>[\/et_pb_text][et_pb_divider divider_style=\u00bbridge\u00bb divider_weight=\u00bb12px\u00bb _builder_version=\u00bb4.2.2&#8243;][\/et_pb_divider][\/et_pb_column][\/et_pb_row][et_pb_row _builder_version=\u00bb4.2.2&#8243; background_size=\u00bbinitial\u00bb background_position=\u00bbtop_left\u00bb background_repeat=\u00bbrepeat\u00bb custom_padding=\u00bb||0px|||\u00bb animation_style=\u00bbfold\u00bb][et_pb_column type=\u00bb4_4&#8243; _builder_version=\u00bb3.25&#8243; custom_padding=\u00bb|||\u00bb custom_padding__hover=\u00bb|||\u00bb][et_pb_text _builder_version=\u00bb4.2.2&#8243; text_line_height=\u00bb2.2em\u00bb custom_padding=\u00bb6px||0px|||\u00bb inline_fonts=\u00bbAbril Fatface,Annie Use Your Telescope\u00bb]<\/p>\n<p style=\"text-align: justify;\"><span style=\"font-size: xx-large; font-family: 'Annie Use Your Telescope'; font-weight: normal;\">Dos hombres se encuentran en la puerta de un colegio de la Bajadilla, Algeciras. Est\u00e1n esperando a que salgan sus hijas. Se ponen a charlar, sus hijas est\u00e1n en la misma clase. Comparten barriada, compran en la misma panader\u00eda. A ninguno de los dos le gusta el f\u00fatbol, pero les apasiona el baloncesto. Son m\u00e1s de playa que de campo. A veces se pasan con el caf\u00e9. Prefieren llevar zapatillas deportivas que zapatos, aunque tienen un par para las ocasiones especiales. Suelen comer con la familia una vez en semana.<\/span><\/p>\n<p>[\/et_pb_text][et_pb_image src=\u00bbhttps:\/\/migrantesenigualdad.es\/wp-content\/uploads\/2021\/04\/dos-hombres-hablando-en-la-calle.jpg\u00bb align=\u00bbcenter\u00bb _builder_version=\u00bb4.2.2&#8243; animation_style=\u00bbfold\u00bb][\/et_pb_image][et_pb_text _builder_version=\u00bb4.2.2&#8243; text_font_size=\u00bb16px\u00bb custom_padding=\u00bb||0px|||\u00bb inline_fonts=\u00bbAbril Fatface,Annie Use Your Telescope\u00bb]<\/p>\n<p style=\"text-align: center;\"><span style=\"font-size: xx-large;\"><strong><span style=\"font-family: 'Annie Use Your Telescope';\">Uno ha nacido en Algeciras y el otro en T\u00e1nger.<\/span><\/strong><\/span><\/p>\n<p><span style=\"font-size: 16px;\">\u00a0<\/span><\/p>\n<p>[\/et_pb_text][\/et_pb_column][\/et_pb_row][et_pb_row column_structure=\u00bb1_2,1_2&#8243; _builder_version=\u00bb4.2.2&#8243; min_height=\u00bb11.5px\u00bb custom_margin=\u00bb|auto|-34px|auto||\u00bb custom_padding=\u00bb0px||0px|||\u00bb][et_pb_column type=\u00bb1_2&#8243; _builder_version=\u00bb4.2.2&#8243;][et_pb_image src=\u00bbhttps:\/\/migrantesenigualdad.es\/wp-content\/uploads\/2021\/04\/mapa-estrecho.png\u00bb _builder_version=\u00bb4.2.2&#8243; transform_scale=\u00bb69%|69%\u00bb transform_translate=\u00bb-4px|-46px\u00bb box_shadow_style=\u00bbpreset3&#8243;][\/et_pb_image][\/et_pb_column][et_pb_column type=\u00bb1_2&#8243; _builder_version=\u00bb4.2.2&#8243;][et_pb_text _builder_version=\u00bb4.2.2&#8243; text_line_height=\u00bb2em\u00bb min_height=\u00bb203.2px\u00bb custom_padding=\u00bb0px|||||\u00bb inline_fonts=\u00bbAbril Fatface,Alice\u00bb]<\/p>\n<p style=\"text-align: justify;\"><span style=\"font-size: large; font-family: Aleo; font-weight: normal;\">Cuando nos alejamos de las categor\u00edas habituales (nacional\/extranjero), nos encontramos de golpe con todas las cosas que compartimos. Cuando hay una experiencia directa, podemos alejarnos de los estereotipos habituales, agrup\u00e1ndonos a partir de nuevos criterios. <\/span><\/p>\n<p style=\"text-align: justify;\"><span style=\"font-size: large; font-family: Aleo; font-weight: normal;\"><span style=\"font-family: 'Abril Fatface'; font-size: x-large;\">Se crean nuevos \u201cnosotros\/as\u201d.<\/span><\/span><\/p>\n<p>[\/et_pb_text][\/et_pb_column][\/et_pb_row][et_pb_row _builder_version=\u00bb4.2.2&#8243;][et_pb_column type=\u00bb4_4&#8243; _builder_version=\u00bb4.2.2&#8243;][et_pb_text _builder_version=\u00bb4.2.2&#8243; text_font=\u00bbAlice||||||||\u00bb text_line_height=\u00bb2em\u00bb text_orientation=\u00bbcenter\u00bb min_height=\u00bb73px\u00bb custom_padding=\u00bb||1px|||\u00bb inline_fonts=\u00bbAleo\u00bb]<\/p>\n<p style=\"text-align: justify;\"><span style=\"font-size: large; font-family: Aleo; font-weight: normal;\">Esto es precisamente lo que ilustra una campa\u00f1a que la televisi\u00f3n danesa TV2 lanz\u00f3 en enero de 2017 a favor de la tolerancia.<\/span><\/p>\n<p>[\/et_pb_text][et_pb_video src=\u00bbhttps:\/\/www.youtube.com\/watch?v=fXBXOaLcMZg\u00bb _builder_version=\u00bb4.2.2&#8243;][\/et_pb_video][\/et_pb_column][\/et_pb_row][et_pb_row _builder_version=\u00bb4.2.2&#8243; custom_margin=\u00bb-33px|auto||auto||\u00bb custom_padding=\u00bb||0px|||\u00bb][et_pb_column type=\u00bb4_4&#8243; _builder_version=\u00bb4.2.2&#8243;][et_pb_text _builder_version=\u00bb4.2.2&#8243; text_line_height=\u00bb2em\u00bb custom_padding=\u00bb27px|||||\u00bb border_color_all=\u00bb#0c71c3&#8243; border_style_all=\u00bbdotted\u00bb inline_fonts=\u00bbAbril Fatface,Aleo,Annie Use Your Telescope\u00bb]<\/p>\n<p style=\"text-align: justify;\"><span style=\"font-family: Aleo; font-weight: normal; font-size: large;\">La campa\u00f1a -titulada <em>All That We Share<\/em> (<em>Todo lo que compartimos<\/em>)- nos presenta a sus participantes divididos en grupos fijos y muy estereotipados. De una manera muy sencilla, a partir de preguntas inesperadas, las personas se van reagrupando de formas distintas. La composici\u00f3n de los grupos de personas va cambiando. Personas aparentemente muy alejadas entre s\u00ed, se miran cara a cara y ven que tienen muchas m\u00e1s cosas en com\u00fan de lo que hab\u00edan supuesto en un principio. De hecho, tienen muchas m\u00e1s cosas en com\u00fan que diferencias.<\/span><\/p>\n<p><span style=\"font-family: 'Fredericka the Great'; font-weight: normal; font-size: x-large; color: #8300e9;\">Solo con la <span style=\"font-size: xx-large;\"><strong><span style=\"font-family: 'Annie Use Your Telescope'; color: #00bfea;\">mezcla<\/span><\/strong><\/span> aparece la verdadera <span style=\"font-size: xx-large;\"><strong><span style=\"color: #00bfea; font-family: 'Annie Use Your Telescope';\">diversidad<\/span><\/strong><\/span> de la sociedad.<\/span><\/p>\n<p>[\/et_pb_text][\/et_pb_column][\/et_pb_row][et_pb_row column_structure=\u00bb1_2,1_2&#8243; _builder_version=\u00bb4.2.2&#8243;][et_pb_column type=\u00bb1_2&#8243; _builder_version=\u00bb4.2.2&#8243;][et_pb_text _builder_version=\u00bb4.2.2&#8243; text_line_height=\u00bb2em\u00bb inline_fonts=\u00bbAleo,Abril Fatface\u00bb]<\/p>\n<p style=\"text-align: justify;\"><span style=\"font-family: Aleo; font-weight: normal; font-size: large;\">Suspender los pensamientos estereotipados nos permite darle una oportunidad a una realidad m\u00e1s enriquecedora y que se nos muestre en toda su diversidad, con todos sus matices y todas sus posibilidades.<\/span><\/p>\n<p style=\"text-align: justify;\"><span style=\"font-family: Aleo; font-weight: normal; font-size: large;\"><span style=\"font-family: 'Abril Fatface'; font-size: x-large;\">Abramos los ojos<\/span> y atrev\u00e1monos a conocer a quienes nos rodean.\u00a0<\/span><\/p>\n<p style=\"text-align: justify;\"><span style=\"font-family: Aleo; font-weight: normal; font-size: large;\"><span style=\"font-family: 'Abril Fatface'; font-size: x-large;\">\u00a1Nos sorprenderemos!<\/span><\/span><\/p>\n<p>[\/et_pb_text][\/et_pb_column][et_pb_column type=\u00bb1_2&#8243; _builder_version=\u00bb4.2.2&#8243;][et_pb_image src=\u00bbhttps:\/\/migrantesenigualdad.es\/wp-content\/uploads\/2021\/04\/diversidad.jpg\u00bb _builder_version=\u00bb4.2.2&#8243;][\/et_pb_image][\/et_pb_column][\/et_pb_row][\/et_pb_section]<\/p>\n","protected":false},"excerpt":{"rendered":"<p>Hay gente rica y gente pobre, nacional y extranjera, gente heterosexual y gente que no lo es. Las categor\u00edas sociales suelen hacerse con unos criterios fijos y crean estereotipos frecuentes. Parece que ha sido as\u00ed desde siempre y que no hay otras maneras de entender la sociedad. \u201cNosotros\/as\u201d somos as\u00ed y \u201cellos\/as\u201d son asao.\u00a0 Pero, [&hellip;]<\/p>\n","protected":false},"author":1,"featured_media":1643,"comment_status":"open","ping_status":"closed","sticky":false,"template":"","format":"standard","meta":{"_et_pb_use_builder":"on","_et_pb_old_content":"","_et_gb_content_width":"","_jetpack_newsletter_access":"","_jetpack_dont_email_post_to_subs":false,"_jetpack_newsletter_tier_id":0,"_jetpack_memberships_contains_paywalled_content":false,"_jetpack_feature_clip_id":0,"_jetpack_memberships_contains_paid_content":false,"footnotes":"","jetpack_post_was_ever_published":false},"categories":[1],"tags":[21],"class_list":["post-798","post","type-post","status-publish","format-standard","has-post-thumbnail","hentry","category-actualidad","tag-estereotipos"],"jetpack_sharing_enabled":true,"jetpack_featured_media_url":"https:\/\/i0.wp.com\/migrantesenigualdad.es\/wp-content\/uploads\/2021\/04\/Estereotipos-III.png?fit=806%2C496&ssl=1","post_mailing_queue_ids":[],"_links":{"self":[{"href":"https:\/\/migrantesenigualdad.es\/index.php\/wp-json\/wp\/v2\/posts\/798","targetHints":{"allow":["GET"]}}],"collection":[{"href":"https:\/\/migrantesenigualdad.es\/index.php\/wp-json\/wp\/v2\/posts"}],"about":[{"href":"https:\/\/migrantesenigualdad.es\/index.php\/wp-json\/wp\/v2\/types\/post"}],"author":[{"embeddable":true,"href":"https:\/\/migrantesenigualdad.es\/index.php\/wp-json\/wp\/v2\/users\/1"}],"replies":[{"embeddable":true,"href":"https:\/\/migrantesenigualdad.es\/index.php\/wp-json\/wp\/v2\/comments?post=798"}],"version-history":[{"count":0,"href":"https:\/\/migrantesenigualdad.es\/index.php\/wp-json\/wp\/v2\/posts\/798\/revisions"}],"wp:featuredmedia":[{"embeddable":true,"href":"https:\/\/migrantesenigualdad.es\/index.php\/wp-json\/wp\/v2\/media\/1643"}],"wp:attachment":[{"href":"https:\/\/migrantesenigualdad.es\/index.php\/wp-json\/wp\/v2\/media?parent=798"}],"wp:term":[{"taxonomy":"category","embeddable":true,"href":"https:\/\/migrantesenigualdad.es\/index.php\/wp-json\/wp\/v2\/categories?post=798"},{"taxonomy":"post_tag","embeddable":true,"href":"https:\/\/migrantesenigualdad.es\/index.php\/wp-json\/wp\/v2\/tags?post=798"}],"curies":[{"name":"wp","href":"https:\/\/api.w.org\/{rel}","templated":true}]}}