{"id":7922,"date":"2025-11-26T13:00:35","date_gmt":"2025-11-26T11:00:35","guid":{"rendered":"https:\/\/migrantesenigualdad.es\/?p=7922"},"modified":"2025-11-27T09:42:51","modified_gmt":"2025-11-27T07:42:51","slug":"noticias-breves-14","status":"publish","type":"post","link":"https:\/\/migrantesenigualdad.es\/index.php\/2025\/11\/26\/noticias-breves-14\/","title":{"rendered":"Noticias breves"},"content":{"rendered":"<h4><img data-recalc-dims=\"1\" loading=\"lazy\" decoding=\"async\" class=\" wp-image-7526 alignleft\" src=\"https:\/\/i0.wp.com\/migrantesenigualdad.es\/wp-content\/uploads\/2025\/11\/Foto-4.webp?resize=227%2C128&#038;ssl=1\" alt=\"\" width=\"227\" height=\"128\" data-wp-editing=\"1\" \/><\/h4>\n<h4>Odio racista, en las redes y en los estadios<\/h4>\n<p data-start=\"86\" data-end=\"251\">El observatorio Espa\u00f1ol del Racismo y la Xenofobia ha elaborado un informe detallando las cifras de los discursos de odio en redes sociales relacionados con el f\u00fatbol. Los datos reflejan que en los estadios y en internet perviven el racismo, la islamofobia y los estereotipos asociados a ellos.<\/p>\n<p style=\"text-align: right;\"><a href=\"https:\/\/elpais.com\/opinion\/2025-11-13\/odio-racista-en-las-redes-y-en-los-estadios.html\" target=\"_blank\" rel=\"noopener\">M\u00e1s informaci\u00f3n<\/a><\/p>\n<hr \/>\n<h4><img data-recalc-dims=\"1\" loading=\"lazy\" decoding=\"async\" class=\" wp-image-7524 alignleft\" src=\"https:\/\/i0.wp.com\/migrantesenigualdad.es\/wp-content\/uploads\/2025\/11\/Foto-5.webp?resize=220%2C124&#038;ssl=1\" alt=\"\" width=\"220\" height=\"124\" \/>Esteban Beltr\u00e1n, de Amnist\u00eda Internacional: \u201cLos mensajes racistas calan y provocan brotes de violencia como los de Torre Pacheco\u201d<\/h4>\n<p>El director de Amnist\u00eda Internacional en Espa\u00f1a alerta sobre los riesgos de criminalizar la inmigraci\u00f3n y el impacto negativo en los derechos humanos. En su entrevista ha criticado la propuesta de Vox en la Asamblea Regional para cerrar todos los centros de menores en Murcia.<\/p>\n<p style=\"text-align: right;\"><a href=\"https:\/\/cadenaser.com\/murcia\/2025\/11\/12\/esteban-beltran-amnistia-internacional-los-mensajes-racistas-calan-y-provocan-brotes-de-violencia-como-los-de-torre-pacheco-radio-murcia\/\" target=\"_blank\" rel=\"noopener\">M\u00e1s informaci\u00f3n<\/a><\/p>\n<hr \/>\n<p><img data-recalc-dims=\"1\" loading=\"lazy\" decoding=\"async\" class=\" wp-image-7516 alignleft\" src=\"https:\/\/i0.wp.com\/migrantesenigualdad.es\/wp-content\/uploads\/2025\/11\/Foto-6.webp?resize=222%2C125&#038;ssl=1\" alt=\"\" width=\"222\" height=\"125\" \/><\/p>\n<h4>Miedo, falta de informaci\u00f3n y desconfianza impiden el acceso a la justicia de la poblaci\u00f3n migrante, seg\u00fan un estudio<\/h4>\n<p>El informe elaborado por la Red Acoge refleja que solo una de cada nueve personas migrantes se atreve a interponer una denuncia. Entre las propuestas para paliar este problema destaca la reforma de la ley de extranjer\u00eda para que se garantice a las personas en situaci\u00f3n administrativa irregular que no se les sancione con multas o expulsi\u00f3n cuando acudan a denunciar.<\/p>\n<p style=\"text-align: right;\"><a href=\"https:\/\/cadenaser.com\/comunitat-valenciana\/2025\/11\/19\/el-miedo-falta-de-informacion-y-desconfianza-impiden-el-acceso-a-la-justicia-de-la-poblacion-migrante-segun-un-estudio-radio-valencia\" target=\"_blank\" rel=\"noopener\">M\u00e1s informaci\u00f3n<\/a><\/p>\n<hr \/>\n<h4><img data-recalc-dims=\"1\" loading=\"lazy\" decoding=\"async\" class=\" wp-image-7514 alignleft\" src=\"https:\/\/i0.wp.com\/migrantesenigualdad.es\/wp-content\/uploads\/2025\/11\/Foto-7.webp?resize=227%2C128&#038;ssl=1\" alt=\"\" width=\"227\" height=\"128\" \/>TikTok, Facebook, Instagram, YouTube y X eliminan mensajes de odio y xenofobia en octubre<\/h4>\n<p data-start=\"92\" data-end=\"407\">Las redes sociales eliminaron en octubre el 42 por ciento de los mensajes de odio y xenofobia denunciados por el Observatorio del Racismo y la Xenofobia. La eliminaci\u00f3n de mensajes de odio ha avanzado con respecto a los datos obtenidos en meses anteriores. La Ministra de Inclusi\u00f3n Elma Saiz, mantuvo una reuni\u00f3n con representantes de Meta, YouTube y TikTok para crear grupos de trabajo permanentes que aborden cuestiones t\u00e9cnicas para definir el afrontamiento de los discursos de odio.<\/p>\n<p style=\"text-align: right;\"><a href=\"https:\/\/n.com.do\/2025\/11\/17\/tiktok-facebook-instagram-youtube-y-x-eliminan-mensajes-de-odio-y-xenofobia-en-octubre\/\" target=\"_blank\" rel=\"noopener\">M\u00e1s informaci\u00f3n<\/a><\/p>\n","protected":false},"excerpt":{"rendered":"<p>Odio racista, en las redes y en los estadios El observatorio Espa\u00f1ol del Racismo y la Xenofobia ha elaborado un informe detallando las cifras de los discursos de odio en redes sociales relacionados con el f\u00fatbol. Los datos reflejan que en los estadios y en internet perviven el racismo, la islamofobia y los estereotipos asociados [&hellip;]<\/p>\n","protected":false},"author":1,"featured_media":7707,"comment_status":"open","ping_status":"closed","sticky":false,"template":"","format":"standard","meta":{"_et_pb_use_builder":"","_et_pb_old_content":"","_et_gb_content_width":"","_jetpack_newsletter_access":"","_jetpack_dont_email_post_to_subs":false,"_jetpack_newsletter_tier_id":0,"_jetpack_memberships_contains_paywalled_content":false,"_jetpack_feature_clip_id":0,"_jetpack_memberships_contains_paid_content":false,"footnotes":"","jetpack_post_was_ever_published":false},"categories":[270],"tags":[],"class_list":["post-7922","post","type-post","status-publish","format-standard","has-post-thumbnail","hentry","category-boletin-17-26-11-2025"],"jetpack_sharing_enabled":true,"jetpack_featured_media_url":"https:\/\/i0.wp.com\/migrantesenigualdad.es\/wp-content\/uploads\/2025\/07\/2149318883.jpg?fit=1500%2C1000&ssl=1","post_mailing_queue_ids":[],"_links":{"self":[{"href":"https:\/\/migrantesenigualdad.es\/index.php\/wp-json\/wp\/v2\/posts\/7922","targetHints":{"allow":["GET"]}}],"collection":[{"href":"https:\/\/migrantesenigualdad.es\/index.php\/wp-json\/wp\/v2\/posts"}],"about":[{"href":"https:\/\/migrantesenigualdad.es\/index.php\/wp-json\/wp\/v2\/types\/post"}],"author":[{"embeddable":true,"href":"https:\/\/migrantesenigualdad.es\/index.php\/wp-json\/wp\/v2\/users\/1"}],"replies":[{"embeddable":true,"href":"https:\/\/migrantesenigualdad.es\/index.php\/wp-json\/wp\/v2\/comments?post=7922"}],"version-history":[{"count":6,"href":"https:\/\/migrantesenigualdad.es\/index.php\/wp-json\/wp\/v2\/posts\/7922\/revisions"}],"predecessor-version":[{"id":7943,"href":"https:\/\/migrantesenigualdad.es\/index.php\/wp-json\/wp\/v2\/posts\/7922\/revisions\/7943"}],"wp:featuredmedia":[{"embeddable":true,"href":"https:\/\/migrantesenigualdad.es\/index.php\/wp-json\/wp\/v2\/media\/7707"}],"wp:attachment":[{"href":"https:\/\/migrantesenigualdad.es\/index.php\/wp-json\/wp\/v2\/media?parent=7922"}],"wp:term":[{"taxonomy":"category","embeddable":true,"href":"https:\/\/migrantesenigualdad.es\/index.php\/wp-json\/wp\/v2\/categories?post=7922"},{"taxonomy":"post_tag","embeddable":true,"href":"https:\/\/migrantesenigualdad.es\/index.php\/wp-json\/wp\/v2\/tags?post=7922"}],"curies":[{"name":"wp","href":"https:\/\/api.w.org\/{rel}","templated":true}]}}