{"id":7911,"date":"2025-11-26T13:33:19","date_gmt":"2025-11-26T11:33:19","guid":{"rendered":"https:\/\/migrantesenigualdad.es\/?p=7911"},"modified":"2025-11-26T15:32:57","modified_gmt":"2025-11-26T13:32:57","slug":"el-escritor-leopoldo-sedar-senghor-nuestra-recomendacion-del-mes","status":"publish","type":"post","link":"https:\/\/migrantesenigualdad.es\/index.php\/2025\/11\/26\/el-escritor-leopoldo-sedar-senghor-nuestra-recomendacion-del-mes\/","title":{"rendered":"El escritor Leopoldo Sedar Senghor, nuestra recomendaci\u00f3n del mes"},"content":{"rendered":"<p>Nuestra recomendaci\u00f3n del mes es la obra de <strong>L\u00e9opold S\u00e9dar Senghor<\/strong>, una figura clave en la defensa de la dignidad africana y uno de los referentes m\u00e1s influyentes del pensamiento antirracista del siglo XX. Poeta, ensayista y primer presidente de Senegal, Senghor convirti\u00f3 la palabra escrita en una herramienta de resistencia cultural y dignificaci\u00f3n de los pueblos africanos.<\/p>\n<p>Senghor fue cofundador del movimiento de la negritud, una corriente intelectual que reivindic\u00f3 la identidad africana frente al colonialismo europeo y que cuestion\u00f3 los discursos racistas que situaban lo occidental como \u00fanica medida de valor. Su obra po\u00e9tica y ensay\u00edstica defendi\u00f3 la diversidad cultural como riqueza com\u00fan y puso en el centro la necesidad de reconocer las aportaciones hist\u00f3ricas, filos\u00f3ficas y est\u00e9ticas de \u00c1frica al mundo.<\/p>\n<p>Su poemario <em>Cantos de sombra<\/em> es un ejemplo de c\u00f3mo su escritura une belleza literaria y denuncia pol\u00edtica. Muestra tambi\u00e9n las heridas hist\u00f3ricas y la resistencia colectiva vivida por la poblaci\u00f3n del \u00c1frica subsahariana. Senghor escribe en el poemas <em>Oraci\u00f3n a las m\u00e1scaras<\/em>:<\/p>\n<div style=\"text-align: center;\">\n<p><em>\u201cM\u00e1scaras, m\u00e1scaras negras\u2026<\/em><\/p>\n<p><em>no sois \u00eddolos como creen los blancos,<\/em><\/p>\n<p><em>sino nuestros reflejos m\u00e1s profundos,<\/em><\/p>\n<p><em>las voces que nos devuelven la fuerza<\/em><\/p>\n<p><em>para permanecer de pie frente al mundo.\u201d<\/em><\/p>\n<p>&nbsp;<\/p>\n<\/div>\n<p>Leer a Senghor sigue hoy siendo una forma de entender c\u00f3mo se construyen y se combaten las narrativas racistas desde el arte y la educaci\u00f3n. Nos recuerda tambi\u00e9n que la cultura puede ser un espacio de resistencia y que la identidad es algo que se celebra, que no se borra.<\/p>\n","protected":false},"excerpt":{"rendered":"<p>Nuestra recomendaci\u00f3n del mes es la obra de L\u00e9opold S\u00e9dar Senghor, una figura clave en la defensa de la dignidad africana y uno de los referentes m\u00e1s influyentes del pensamiento antirracista del siglo XX. Poeta, ensayista y primer presidente de Senegal, Senghor convirti\u00f3 la palabra escrita en una herramienta de resistencia cultural y dignificaci\u00f3n de [&hellip;]<\/p>\n","protected":false},"author":1,"featured_media":7924,"comment_status":"open","ping_status":"closed","sticky":false,"template":"","format":"standard","meta":{"_et_pb_use_builder":"","_et_pb_old_content":"","_et_gb_content_width":"","_jetpack_newsletter_access":"","_jetpack_dont_email_post_to_subs":false,"_jetpack_newsletter_tier_id":0,"_jetpack_memberships_contains_paywalled_content":false,"_jetpack_feature_clip_id":0,"_jetpack_memberships_contains_paid_content":false,"footnotes":"","jetpack_post_was_ever_published":false},"categories":[270],"tags":[],"class_list":["post-7911","post","type-post","status-publish","format-standard","has-post-thumbnail","hentry","category-boletin-17-26-11-2025"],"jetpack_sharing_enabled":true,"jetpack_featured_media_url":"https:\/\/i0.wp.com\/migrantesenigualdad.es\/wp-content\/uploads\/2025\/11\/Foto-3.webp?fit=830%2C536&ssl=1","post_mailing_queue_ids":[],"_links":{"self":[{"href":"https:\/\/migrantesenigualdad.es\/index.php\/wp-json\/wp\/v2\/posts\/7911","targetHints":{"allow":["GET"]}}],"collection":[{"href":"https:\/\/migrantesenigualdad.es\/index.php\/wp-json\/wp\/v2\/posts"}],"about":[{"href":"https:\/\/migrantesenigualdad.es\/index.php\/wp-json\/wp\/v2\/types\/post"}],"author":[{"embeddable":true,"href":"https:\/\/migrantesenigualdad.es\/index.php\/wp-json\/wp\/v2\/users\/1"}],"replies":[{"embeddable":true,"href":"https:\/\/migrantesenigualdad.es\/index.php\/wp-json\/wp\/v2\/comments?post=7911"}],"version-history":[{"count":9,"href":"https:\/\/migrantesenigualdad.es\/index.php\/wp-json\/wp\/v2\/posts\/7911\/revisions"}],"predecessor-version":[{"id":7921,"href":"https:\/\/migrantesenigualdad.es\/index.php\/wp-json\/wp\/v2\/posts\/7911\/revisions\/7921"}],"wp:featuredmedia":[{"embeddable":true,"href":"https:\/\/migrantesenigualdad.es\/index.php\/wp-json\/wp\/v2\/media\/7924"}],"wp:attachment":[{"href":"https:\/\/migrantesenigualdad.es\/index.php\/wp-json\/wp\/v2\/media?parent=7911"}],"wp:term":[{"taxonomy":"category","embeddable":true,"href":"https:\/\/migrantesenigualdad.es\/index.php\/wp-json\/wp\/v2\/categories?post=7911"},{"taxonomy":"post_tag","embeddable":true,"href":"https:\/\/migrantesenigualdad.es\/index.php\/wp-json\/wp\/v2\/tags?post=7911"}],"curies":[{"name":"wp","href":"https:\/\/api.w.org\/{rel}","templated":true}]}}