{"id":7907,"date":"2025-11-26T13:34:14","date_gmt":"2025-11-26T11:34:14","guid":{"rendered":"https:\/\/migrantesenigualdad.es\/?p=7907"},"modified":"2025-11-26T14:02:58","modified_gmt":"2025-11-26T12:02:58","slug":"la-ong-liga-espanola-de-la-educacion-lanza-la-web-detectives-del-odio","status":"publish","type":"post","link":"https:\/\/migrantesenigualdad.es\/index.php\/2025\/11\/26\/la-ong-liga-espanola-de-la-educacion-lanza-la-web-detectives-del-odio\/","title":{"rendered":"La ong Liga Espa\u00f1ola de la Educaci\u00f3n lanza la web Detectives del odio"},"content":{"rendered":"<p>La ong Liga Espa\u00f1ola de la Educaci\u00f3n y la Cultura Popular presenta la campa\u00f1a <em>Detecta y frena el odio<\/em>, que incluye una p\u00e1gina web (www.detectivesdelodio.org) en la que ni\u00f1as, ni\u00f1os y adolescentes pueden jugar a ser detectives. El objetivo es que aprendan a reconocer y comprender los discursos de odio con los que conviven en sus entornos para poder erradicarlos. Esta acci\u00f3n se estren\u00f3 para hacerla coincidir con 20 de noviembre, D\u00eda Internacional de la Infancia.<\/p>\n<p>La iniciativa busca fomentar una ciudadan\u00eda cr\u00edtica, emp\u00e1tica y comprometida con los valores democr\u00e1ticos desde la infancia y la adolescencia. Esta campa\u00f1a forma parte del programa <em>Contra tu odio, nuestros discursos,<\/em> financiado por el Ministerio de Inclusi\u00f3n, Seguridad Social y Migraciones.<\/p>\n<p>La web <a href=\"https:\/\/detectivesdelodio.org\/\"><em>Detectives del odio<\/em><\/a> es \u00fatil para aprender a reconocer los discursos de odio y facilita una serie de herramientas sencillas y pedag\u00f3gicas, que ayudar\u00e1n a ni\u00f1as, ni\u00f1os y adolescentes a detenerlos. La web consta de una la lupa de la informaci\u00f3n para buscar datos y fuentes fiables, un escudo que refuerza la empat\u00eda, una linterna del respeto para iluminar lo que otros quieren ocultar y un meg\u00e1fono de la solidaridad para decir basta y defender a quien lo necesita.<\/p>\n","protected":false},"excerpt":{"rendered":"<p>La ong Liga Espa\u00f1ola de la Educaci\u00f3n y la Cultura Popular presenta la campa\u00f1a Detecta y frena el odio, que incluye una p\u00e1gina web (www.detectivesdelodio.org) en la que ni\u00f1as, ni\u00f1os y adolescentes pueden jugar a ser detectives. El objetivo es que aprendan a reconocer y comprender los discursos de odio con los que conviven en [&hellip;]<\/p>\n","protected":false},"author":1,"featured_media":7926,"comment_status":"open","ping_status":"closed","sticky":false,"template":"","format":"standard","meta":{"_et_pb_use_builder":"","_et_pb_old_content":"","_et_gb_content_width":"","_jetpack_newsletter_access":"","_jetpack_dont_email_post_to_subs":false,"_jetpack_newsletter_tier_id":0,"_jetpack_memberships_contains_paywalled_content":false,"_jetpack_feature_clip_id":0,"_jetpack_memberships_contains_paid_content":false,"footnotes":"","jetpack_post_was_ever_published":false},"categories":[270],"tags":[],"class_list":["post-7907","post","type-post","status-publish","format-standard","has-post-thumbnail","hentry","category-boletin-17-26-11-2025"],"jetpack_sharing_enabled":true,"jetpack_featured_media_url":"https:\/\/i0.wp.com\/migrantesenigualdad.es\/wp-content\/uploads\/2025\/11\/Foto-2.webp?fit=1596%2C791&ssl=1","post_mailing_queue_ids":[],"_links":{"self":[{"href":"https:\/\/migrantesenigualdad.es\/index.php\/wp-json\/wp\/v2\/posts\/7907","targetHints":{"allow":["GET"]}}],"collection":[{"href":"https:\/\/migrantesenigualdad.es\/index.php\/wp-json\/wp\/v2\/posts"}],"about":[{"href":"https:\/\/migrantesenigualdad.es\/index.php\/wp-json\/wp\/v2\/types\/post"}],"author":[{"embeddable":true,"href":"https:\/\/migrantesenigualdad.es\/index.php\/wp-json\/wp\/v2\/users\/1"}],"replies":[{"embeddable":true,"href":"https:\/\/migrantesenigualdad.es\/index.php\/wp-json\/wp\/v2\/comments?post=7907"}],"version-history":[{"count":2,"href":"https:\/\/migrantesenigualdad.es\/index.php\/wp-json\/wp\/v2\/posts\/7907\/revisions"}],"predecessor-version":[{"id":7910,"href":"https:\/\/migrantesenigualdad.es\/index.php\/wp-json\/wp\/v2\/posts\/7907\/revisions\/7910"}],"wp:featuredmedia":[{"embeddable":true,"href":"https:\/\/migrantesenigualdad.es\/index.php\/wp-json\/wp\/v2\/media\/7926"}],"wp:attachment":[{"href":"https:\/\/migrantesenigualdad.es\/index.php\/wp-json\/wp\/v2\/media?parent=7907"}],"wp:term":[{"taxonomy":"category","embeddable":true,"href":"https:\/\/migrantesenigualdad.es\/index.php\/wp-json\/wp\/v2\/categories?post=7907"},{"taxonomy":"post_tag","embeddable":true,"href":"https:\/\/migrantesenigualdad.es\/index.php\/wp-json\/wp\/v2\/tags?post=7907"}],"curies":[{"name":"wp","href":"https:\/\/api.w.org\/{rel}","templated":true}]}}