{"id":7902,"date":"2025-11-26T13:48:21","date_gmt":"2025-11-26T11:48:21","guid":{"rendered":"https:\/\/migrantesenigualdad.es\/?p=7902"},"modified":"2025-11-26T15:32:11","modified_gmt":"2025-11-26T13:32:11","slug":"migrantes-en-igualdad-organiza-la-jornada-ponte-en-mi-piel","status":"publish","type":"post","link":"https:\/\/migrantesenigualdad.es\/index.php\/2025\/11\/26\/migrantes-en-igualdad-organiza-la-jornada-ponte-en-mi-piel\/","title":{"rendered":"Migrantes en Igualdad organiza la jornada Ponte en mi piel"},"content":{"rendered":"<p>La Fundaci\u00f3n M\u00e1rgenes y V\u00ednculos celebrar\u00e1 el pr\u00f3ximo 4 de diciembre de 2025 una jornada sobre detecci\u00f3n y seguimiento de incidentes racistas y discursos o delitos de odio por racismo. Esta actividad est\u00e1 dirigida en especial al personal t\u00e9cnico de las administraciones y las organizaciones sociales, aunque puede asistir el p\u00fablico general. La organiza el personal de la fundaci\u00f3n que desarrolla el proyecto <strong>Migrantes en igualdad<\/strong> en la Facultad de Enfermer\u00eda de Algeciras, situada en la calle Venus, sin n\u00famero, en horario de 11.00 a 13.00 horas.<\/p>\n<p>Asistir\u00e1 a esta jornada <strong>Adriana Boho<\/strong>, escritora y divulgadora antirracista que tiene m\u00e1s de 200.000 seguidores en redes sociales. El t\u00edtulo de esta jornada es el mismo que el de su primer libro, <em>Ponte en mi piel<\/em>, obra en la que la escritora propone una gu\u00eda interactiva para combatir el racismo cotidiano. La empat\u00eda y las peque\u00f1as acciones cotidianas son, a su juicio, las mejores herramientas de la que disponemos. Boho invita a sus lectoras y lectores a reflexionar, cuestionar sus prejuicios y actuar en el d\u00eda a d\u00eda.<\/p>\n<p>La jornada comienza con una entrevista a la escritora, a la que seguir\u00e1 una mesa redonda en la que analizaremos la situaci\u00f3n actual del racismo en nuestra sociedad. Compartiremos experiencias, reflexionaremos en com\u00fan y hablaremos de las herramientas para la prevenci\u00f3n de la discriminaci\u00f3n y los delitos de odio.<\/p>\n<p>Esta jornada ser\u00e1 una oportunidad para acercarnos a la experiencia de quienes sufren racismo, para conversar sobre c\u00f3mo combatirlo y c\u00f3mo fomentar la igualdad y el respeto en nuestra vida cotidiana.<\/p>\n<p>\u00a1Te esperamos! \u00a1No te la pierdas!<\/p>\n","protected":false},"excerpt":{"rendered":"<p>La Fundaci\u00f3n M\u00e1rgenes y V\u00ednculos celebrar\u00e1 el pr\u00f3ximo 4 de diciembre de 2025 una jornada sobre detecci\u00f3n y seguimiento de incidentes racistas y discursos o delitos de odio por racismo. Esta actividad est\u00e1 dirigida en especial al personal t\u00e9cnico de las administraciones y las organizaciones sociales, aunque puede asistir el p\u00fablico general. La organiza el [&hellip;]<\/p>\n","protected":false},"author":1,"featured_media":7925,"comment_status":"open","ping_status":"closed","sticky":false,"template":"","format":"standard","meta":{"_et_pb_use_builder":"","_et_pb_old_content":"","_et_gb_content_width":"","_jetpack_newsletter_access":"","_jetpack_dont_email_post_to_subs":false,"_jetpack_newsletter_tier_id":0,"_jetpack_memberships_contains_paywalled_content":false,"_jetpack_feature_clip_id":0,"_jetpack_memberships_contains_paid_content":false,"footnotes":"","jetpack_post_was_ever_published":false},"categories":[270],"tags":[],"class_list":["post-7902","post","type-post","status-publish","format-standard","has-post-thumbnail","hentry","category-boletin-17-26-11-2025"],"jetpack_sharing_enabled":true,"jetpack_featured_media_url":"https:\/\/i0.wp.com\/migrantesenigualdad.es\/wp-content\/uploads\/2025\/11\/foto1.webp?fit=593%2C837&ssl=1","post_mailing_queue_ids":[],"_links":{"self":[{"href":"https:\/\/migrantesenigualdad.es\/index.php\/wp-json\/wp\/v2\/posts\/7902","targetHints":{"allow":["GET"]}}],"collection":[{"href":"https:\/\/migrantesenigualdad.es\/index.php\/wp-json\/wp\/v2\/posts"}],"about":[{"href":"https:\/\/migrantesenigualdad.es\/index.php\/wp-json\/wp\/v2\/types\/post"}],"author":[{"embeddable":true,"href":"https:\/\/migrantesenigualdad.es\/index.php\/wp-json\/wp\/v2\/users\/1"}],"replies":[{"embeddable":true,"href":"https:\/\/migrantesenigualdad.es\/index.php\/wp-json\/wp\/v2\/comments?post=7902"}],"version-history":[{"count":3,"href":"https:\/\/migrantesenigualdad.es\/index.php\/wp-json\/wp\/v2\/posts\/7902\/revisions"}],"predecessor-version":[{"id":7906,"href":"https:\/\/migrantesenigualdad.es\/index.php\/wp-json\/wp\/v2\/posts\/7902\/revisions\/7906"}],"wp:featuredmedia":[{"embeddable":true,"href":"https:\/\/migrantesenigualdad.es\/index.php\/wp-json\/wp\/v2\/media\/7925"}],"wp:attachment":[{"href":"https:\/\/migrantesenigualdad.es\/index.php\/wp-json\/wp\/v2\/media?parent=7902"}],"wp:term":[{"taxonomy":"category","embeddable":true,"href":"https:\/\/migrantesenigualdad.es\/index.php\/wp-json\/wp\/v2\/categories?post=7902"},{"taxonomy":"post_tag","embeddable":true,"href":"https:\/\/migrantesenigualdad.es\/index.php\/wp-json\/wp\/v2\/tags?post=7902"}],"curies":[{"name":"wp","href":"https:\/\/api.w.org\/{rel}","templated":true}]}}