{"id":7889,"date":"2025-10-30T12:06:03","date_gmt":"2025-10-30T10:06:03","guid":{"rendered":"https:\/\/migrantesenigualdad.es\/?p=7889"},"modified":"2025-10-30T13:12:00","modified_gmt":"2025-10-30T11:12:00","slug":"noticias-breves-13","status":"publish","type":"post","link":"https:\/\/migrantesenigualdad.es\/index.php\/2025\/10\/30\/noticias-breves-13\/","title":{"rendered":"Noticias breves"},"content":{"rendered":"<h4><img data-recalc-dims=\"1\" loading=\"lazy\" decoding=\"async\" class=\" wp-image-7526 alignleft\" src=\"https:\/\/i0.wp.com\/migrantesenigualdad.es\/wp-content\/uploads\/2025\/10\/foto_4_72.png?resize=227%2C128&#038;ssl=1\" alt=\"\" width=\"227\" height=\"128\" data-wp-editing=\"1\" \/><\/h4>\n<h4>De inmigrante agresor a salvador: el falso relato sobre la chica quemada en Las Palmas<\/h4>\n<p data-start=\"86\" data-end=\"251\">Un inmigrante marroqu\u00ed de 20 a\u00f1os, pas\u00f3 57 d\u00edas en una c\u00e1rcel de Gran Canaria por un crimen que no cometi\u00f3: quemar viva a una menor de 17 a\u00f1os. El caso aviv\u00f3 el discurso de odio de la extrema derecha. La declaraci\u00f3n de la v\u00edctima tras su recuperaci\u00f3n desmont\u00f3 la versi\u00f3n inicial, testificando que el chico hab\u00eda tratado de rescatarla.<\/p>\n<p style=\"text-align: right;\"><a href=\"https:\/\/es.euronews.com\/2025\/09\/19\/de-agresor-a-salvador-como-se-construyo-el-falso-relato-sobre-la-chica-quemada-en-las-palm\" target=\"_blank\" rel=\"noopener\">M\u00e1s informaci\u00f3n<\/a><\/p>\n<hr \/>\n<h4><img data-recalc-dims=\"1\" loading=\"lazy\" decoding=\"async\" class=\" wp-image-7524 alignleft\" src=\"https:\/\/i0.wp.com\/migrantesenigualdad.es\/wp-content\/uploads\/2025\/10\/foto_5_72.jpg?resize=220%2C124&#038;ssl=1\" alt=\"\" width=\"220\" height=\"124\" \/>Primera multa por usar el burka en Suiza: una musulmana tendr\u00e1 que abonar casi 1.300 d\u00f3lares tras negarse a pagar y acusar a la Polic\u00eda de islam\u00f3foba<\/h4>\n<p>Una mujer musulmana en Suiza fue multada con 100 francos por usar burka pese a la ley que proh\u00edbe ocultar el rostro en lugares p\u00fablicos. La Comisi\u00f3n de Igualdad y Derechos Humanos ha confirmado que evaluar\u00e1 el caso tras las denuncias de que la medida es ilegal y sexista.<\/p>\n<p style=\"text-align: right;\"><a href=\"https:\/\/gaceta.es\/europa\/primera-multa-por-usar-el-burka-en-suiza-una-musulmana-tendra-que-abonar-casi-1-300-dolares-tras-negarse-a-pagar-y-acusar-a-la-policia-de-islamofoba-20250924-1104\/\" target=\"_blank\" rel=\"noopener\">M\u00e1s informaci\u00f3n<\/a><\/p>\n<hr \/>\n<p><img data-recalc-dims=\"1\" loading=\"lazy\" decoding=\"async\" class=\" wp-image-7516 alignleft\" src=\"https:\/\/i0.wp.com\/migrantesenigualdad.es\/wp-content\/uploads\/2025\/10\/Foto_6_72.png?resize=222%2C125&#038;ssl=1\" alt=\"\" width=\"222\" height=\"125\" \/><\/p>\n<h4>La secretaria de Estado de Migraciones da la bienvenida al evento \u201cPor una sociedad que acoge\u201d en apoyo a la asociaci\u00f3n Exmenas<\/h4>\n<p>El 8 de octubre se celebr\u00f3 el evento \u201cPor una sociedad que acoge\u201d, con participa-ci\u00f3n del Observatorio Espa\u00f1ol del Racismo y la Xenofobia (OBERAXE). El evento apoy\u00f3 a la asociaci\u00f3n Exmenas, formada por j\u00f3venes migrantes ex tutelados, cuyo objetivo es facilitar la inclusi\u00f3n social, educativa y laboral de otros j\u00f3venes migran-tes, as\u00ed como visibilizar su labor, captar fondos y promover su liderazgo.<\/p>\n<p style=\"text-align: right;\"><a href=\"https:\/\/www.inclusion.gob.es\/web\/oberaxe\/w\/la-secretaria-de-estado-de-migraciones-da-la-bienvenida-al-evento-por-una-sociedad-que-acoge-en-apoyo-a-la-asociacion-exmenas\" target=\"_blank\" rel=\"noopener\">M\u00e1s informaci\u00f3n<\/a><\/p>\n<hr \/>\n<h4><img data-recalc-dims=\"1\" loading=\"lazy\" decoding=\"async\" class=\" wp-image-7514 alignleft\" src=\"https:\/\/i0.wp.com\/migrantesenigualdad.es\/wp-content\/uploads\/2025\/10\/foto_7_72.png?resize=227%2C128&#038;ssl=1\" alt=\"\" width=\"227\" height=\"128\" \/>Cheikh, el senegal\u00e9s que encontr\u00f3 en Marbella su \u201cpasarela\u201d hacia la vida: del cayuco a arrasar en el modelaje<\/h4>\n<p data-start=\"92\" data-end=\"407\">El joven senegal\u00e9s lleg\u00f3 a Canarias, aprendi\u00f3 espa\u00f1ol y trabaj\u00f3 como vendedor ambulante, en la obra y en el campo, hasta que un d\u00eda su vida dio un giro de 180\u00ba. Hoy es modelo y ha aparecido en la portada de numerosas revistas de reconocido prestigio, como por ejemplo Vogue.<\/p>\n<p style=\"text-align: right;\"><a href=\"https:\/\/www.elespanol.com\/malaga\/marbella\/20251021\/cheikh-senegales-encontro-marbella-pasarela-vida-cayuco-arrasar-modelaje\/1003743973713_0.html\" target=\"_blank\" rel=\"noopener\">M\u00e1s informaci\u00f3n<\/a><\/p>\n","protected":false},"excerpt":{"rendered":"<p>De inmigrante agresor a salvador: el falso relato sobre la chica quemada en Las Palmas Un inmigrante marroqu\u00ed de 20 a\u00f1os, pas\u00f3 57 d\u00edas en una c\u00e1rcel de Gran Canaria por un crimen que no cometi\u00f3: quemar viva a una menor de 17 a\u00f1os. El caso aviv\u00f3 el discurso de odio de la extrema derecha. [&hellip;]<\/p>\n","protected":false},"author":1,"featured_media":7707,"comment_status":"open","ping_status":"closed","sticky":false,"template":"","format":"standard","meta":{"_et_pb_use_builder":"","_et_pb_old_content":"","_et_gb_content_width":"","_jetpack_newsletter_access":"","_jetpack_dont_email_post_to_subs":false,"_jetpack_newsletter_tier_id":0,"_jetpack_memberships_contains_paywalled_content":false,"_jetpack_feature_clip_id":0,"_jetpack_memberships_contains_paid_content":false,"footnotes":"","jetpack_post_was_ever_published":false},"categories":[269],"tags":[],"class_list":["post-7889","post","type-post","status-publish","format-standard","has-post-thumbnail","hentry","category-boletin-16-30-10-2025"],"jetpack_sharing_enabled":true,"jetpack_featured_media_url":"https:\/\/i0.wp.com\/migrantesenigualdad.es\/wp-content\/uploads\/2025\/07\/2149318883.jpg?fit=1500%2C1000&ssl=1","post_mailing_queue_ids":[],"_links":{"self":[{"href":"https:\/\/migrantesenigualdad.es\/index.php\/wp-json\/wp\/v2\/posts\/7889","targetHints":{"allow":["GET"]}}],"collection":[{"href":"https:\/\/migrantesenigualdad.es\/index.php\/wp-json\/wp\/v2\/posts"}],"about":[{"href":"https:\/\/migrantesenigualdad.es\/index.php\/wp-json\/wp\/v2\/types\/post"}],"author":[{"embeddable":true,"href":"https:\/\/migrantesenigualdad.es\/index.php\/wp-json\/wp\/v2\/users\/1"}],"replies":[{"embeddable":true,"href":"https:\/\/migrantesenigualdad.es\/index.php\/wp-json\/wp\/v2\/comments?post=7889"}],"version-history":[{"count":1,"href":"https:\/\/migrantesenigualdad.es\/index.php\/wp-json\/wp\/v2\/posts\/7889\/revisions"}],"predecessor-version":[{"id":7890,"href":"https:\/\/migrantesenigualdad.es\/index.php\/wp-json\/wp\/v2\/posts\/7889\/revisions\/7890"}],"wp:featuredmedia":[{"embeddable":true,"href":"https:\/\/migrantesenigualdad.es\/index.php\/wp-json\/wp\/v2\/media\/7707"}],"wp:attachment":[{"href":"https:\/\/migrantesenigualdad.es\/index.php\/wp-json\/wp\/v2\/media?parent=7889"}],"wp:term":[{"taxonomy":"category","embeddable":true,"href":"https:\/\/migrantesenigualdad.es\/index.php\/wp-json\/wp\/v2\/categories?post=7889"},{"taxonomy":"post_tag","embeddable":true,"href":"https:\/\/migrantesenigualdad.es\/index.php\/wp-json\/wp\/v2\/tags?post=7889"}],"curies":[{"name":"wp","href":"https:\/\/api.w.org\/{rel}","templated":true}]}}