{"id":7885,"date":"2025-10-30T12:07:57","date_gmt":"2025-10-30T10:07:57","guid":{"rendered":"https:\/\/migrantesenigualdad.es\/?p=7885"},"modified":"2025-10-30T13:11:51","modified_gmt":"2025-10-30T11:11:51","slug":"el-podcast-no-hay-negros-en-el-tibet-es-nuestra-recomendacion-del-mes","status":"publish","type":"post","link":"https:\/\/migrantesenigualdad.es\/index.php\/2025\/10\/30\/el-podcast-no-hay-negros-en-el-tibet-es-nuestra-recomendacion-del-mes\/","title":{"rendered":"El podcast No hay negros en el T\u00edbet es nuestra recomendaci\u00f3n del mes"},"content":{"rendered":"<p><em>No hay negros en el T\u00edbet<\/em> es un podcast producido por Podium Podcast. Intervienen en \u00e9l tres figuras destacadas de la comunidad afrodescendiente en Espa\u00f1a: Frank T, pionero del hip hop nacional; Asaari Bibang, humorista, actriz y activista feminista; y Lamine Thior, c\u00f3mico y comunicador.<\/p>\n<p><em>No hay negros en el T\u00edbet<\/em> ofrece un enfoque fresco, con conversaciones directas, cargadas de humor, inteligencia, iron\u00eda y, sobre todo, verdad. Sus diferentes cap\u00edtulos contienen reflexiones sobre el racismo institucional, la identidad, la escasa representaci\u00f3n de las personas migrantes en los medios de comunicaci\u00f3n, el privilegio blanco, la discriminaci\u00f3n en el \u00e1mbito laboral o la salud mental. Los protagonistas no presentan discursos cerrados ni lecciones morales, sino reflexiones compartidas desde la experiencia y el conocimiento obtenido por las propias vivencias de las personas entrevistadas. Tienen una intenci\u00f3n clara de desmontar narrativas, cuestionar lo establecido y dar espacio a aquellas voces que hist\u00f3ricamente han sido silenciadas, ignoradas o estereotipadas.<\/p>\n<p>Artistas, activistas, escritores, deportistas, pensadores, comediantes o profesionales de distintos \u00e1mbitos comparten sus historias y desmitifican muchas de las ideas preconcebidas que existen en torno a la comunidad afrodescendiente. El humor funciona como una herramienta clave para des-montar tab\u00faes y hacer accesibles debates que, por su carga emocional o pol\u00edtica, muchas veces generan incomodidad o rechazo.<\/p>\n<p>Espacios como <em>No hay negros en el T\u00edbet<\/em> son fundamentales en un momento en el que los discursos de odio vuelven a ganar terreno en Europa y cuando el racismo toma formas sutiles, pero igualmente da\u00f1inas. Este podcast tiene mucho valor por dar voz a realidades no siempre difundidas ni tan conocidas y porque, adem\u00e1s, es capaz de crear comunidad, abrir conversaci\u00f3n, cuestionar privilegios y, sobre todo, ofrecer una mirada honesta sobre realidades que durante demasiado tiempo han sido negadas o ignoradas.<\/p>\n<p>Puedes escuchar el podcast <em>No hay negro en el T\u00edbet<\/em> pulsando en <a href=\"https:\/\/www.youtube.com\/playlist?list=PLl4KJtUW7dz1WQ_B_CbkNT5-fpWGDH3b-\">este enlace<\/a>.<\/p>\n","protected":false},"excerpt":{"rendered":"<p>No hay negros en el T\u00edbet es un podcast producido por Podium Podcast. Intervienen en \u00e9l tres figuras destacadas de la comunidad afrodescendiente en Espa\u00f1a: Frank T, pionero del hip hop nacional; Asaari Bibang, humorista, actriz y activista feminista; y Lamine Thior, c\u00f3mico y comunicador. No hay negros en el T\u00edbet ofrece un enfoque fresco, [&hellip;]<\/p>\n","protected":false},"author":1,"featured_media":7878,"comment_status":"open","ping_status":"closed","sticky":false,"template":"","format":"standard","meta":{"_et_pb_use_builder":"","_et_pb_old_content":"","_et_gb_content_width":"","_jetpack_newsletter_access":"","_jetpack_dont_email_post_to_subs":false,"_jetpack_newsletter_tier_id":0,"_jetpack_memberships_contains_paywalled_content":false,"_jetpack_feature_clip_id":0,"_jetpack_memberships_contains_paid_content":false,"footnotes":"","jetpack_post_was_ever_published":false},"categories":[269],"tags":[],"class_list":["post-7885","post","type-post","status-publish","format-standard","has-post-thumbnail","hentry","category-boletin-16-30-10-2025"],"jetpack_sharing_enabled":true,"jetpack_featured_media_url":"https:\/\/i0.wp.com\/migrantesenigualdad.es\/wp-content\/uploads\/2025\/10\/foto_3_72.jpg?fit=600%2C600&ssl=1","post_mailing_queue_ids":[],"_links":{"self":[{"href":"https:\/\/migrantesenigualdad.es\/index.php\/wp-json\/wp\/v2\/posts\/7885","targetHints":{"allow":["GET"]}}],"collection":[{"href":"https:\/\/migrantesenigualdad.es\/index.php\/wp-json\/wp\/v2\/posts"}],"about":[{"href":"https:\/\/migrantesenigualdad.es\/index.php\/wp-json\/wp\/v2\/types\/post"}],"author":[{"embeddable":true,"href":"https:\/\/migrantesenigualdad.es\/index.php\/wp-json\/wp\/v2\/users\/1"}],"replies":[{"embeddable":true,"href":"https:\/\/migrantesenigualdad.es\/index.php\/wp-json\/wp\/v2\/comments?post=7885"}],"version-history":[{"count":1,"href":"https:\/\/migrantesenigualdad.es\/index.php\/wp-json\/wp\/v2\/posts\/7885\/revisions"}],"predecessor-version":[{"id":7886,"href":"https:\/\/migrantesenigualdad.es\/index.php\/wp-json\/wp\/v2\/posts\/7885\/revisions\/7886"}],"wp:featuredmedia":[{"embeddable":true,"href":"https:\/\/migrantesenigualdad.es\/index.php\/wp-json\/wp\/v2\/media\/7878"}],"wp:attachment":[{"href":"https:\/\/migrantesenigualdad.es\/index.php\/wp-json\/wp\/v2\/media?parent=7885"}],"wp:term":[{"taxonomy":"category","embeddable":true,"href":"https:\/\/migrantesenigualdad.es\/index.php\/wp-json\/wp\/v2\/categories?post=7885"},{"taxonomy":"post_tag","embeddable":true,"href":"https:\/\/migrantesenigualdad.es\/index.php\/wp-json\/wp\/v2\/tags?post=7885"}],"curies":[{"name":"wp","href":"https:\/\/api.w.org\/{rel}","templated":true}]}}