{"id":7882,"date":"2025-10-30T12:08:42","date_gmt":"2025-10-30T10:08:42","guid":{"rendered":"https:\/\/migrantesenigualdad.es\/?p=7882"},"modified":"2025-10-30T13:11:24","modified_gmt":"2025-10-30T11:11:24","slug":"el-libro-tejiendo-alianzas-contra-el-odio-desvela-como-se-propaga-la-ideologia-ultra-y-propone-alternativas-para-combatirla","status":"publish","type":"post","link":"https:\/\/migrantesenigualdad.es\/index.php\/2025\/10\/30\/el-libro-tejiendo-alianzas-contra-el-odio-desvela-como-se-propaga-la-ideologia-ultra-y-propone-alternativas-para-combatirla\/","title":{"rendered":"El libro Tejiendo alianzas contra el odio desvela c\u00f3mo se propaga la ideolog\u00eda ultra y propone alternativas para combatirla"},"content":{"rendered":"<p>El proyecto Rompiendo el silencio, impulsado por la Asociaci\u00f3n Columbares, ha publicado el libro <em>Tejiendo alianzas contra el odio: enfoques contra la infradenuncia de los delitos de odio y la discriminaci\u00f3n<\/em>. Este libro es un examen del crecimiento del discurso de odio en los medios de comunicaci\u00f3n y en el entorno digital, as\u00ed como las respuestas que surgen frente a \u00e9l desde las instituciones, la educaci\u00f3n y la comunidad. La obra, escrita por varias personas, est\u00e1 coordinada por Mar\u00eda Pina Castillo y Mar\u00eda \u00c1ngeles Hern\u00e1ndez Prados. Las autoras ponen en evidencia las formas actuales del odio y los obst\u00e1culos estructurales que enfrentan las v\u00edctimas. Es tambi\u00e9n una herramienta para la reflexi\u00f3n y la acci\u00f3n colectiva.<\/p>\n<p>La obra enfoca el problema desde distintas perspectivas y con un enfoque basado en los derechos humanos, la interseccionalidad y la justicia social. Incluye una combinaci\u00f3n de investigaciones, experiencias concretas y testimonios directos. Otro cap\u00edtulo incluye un an\u00e1lisis del papel de los medios de comunicaci\u00f3n y las redes sociales en la difusi\u00f3n de discursos de odio. Sus autores destacan c\u00f3mo las noticias suelen tener una informaci\u00f3n muy superficial y c\u00f3mo ciertos creado-res de contenidos amplifican mensajes xen\u00f3fobos y fomentan la desinformaci\u00f3n.<\/p>\n<p>Otro cap\u00edtulo est\u00e1 dedicado a las dificultades de las v\u00edctimas para denunciar los delitos de odio, lo que est\u00e1 vinculado al desconocimiento de los recursos disponibles, el miedo a las represalias y a la situaci\u00f3n irregular de algunas personas migrantes. Las autoras de este parte del libro proponen reforzar la cooperaci\u00f3n entre instituciones, mejorar la recopilaci\u00f3n de datos y crear entornos seguros para las v\u00edctimas y sus familias.<\/p>\n<p>El libro incluye una reflexi\u00f3n sobre el poder transformador del lenguaje o el uso de cuentos infantiles para promover la empat\u00eda entre las personas de distintas culturas desde edades tempranas. La obra aporta testimonios que ponen de relieve las consecuencias emocionales y sociales que la discriminaci\u00f3n deja en las personas afectadas.<\/p>\n<p><em>Tejiendo alianzas contra el odio<\/em> ofrece un an\u00e1lisis profundo sobre la escasez de denuncia de deli-tos de odio y plantea la educaci\u00f3n, la prevenci\u00f3n y el acompa\u00f1amiento como v\u00edas para construir una sociedad m\u00e1s justa. El silencio nunca debe ser la respuesta, nos recuerda.<\/p>\n<p>Puedes leer el libro <em>Tejiendo alianzas contra el odio<\/em> pulsando en <a href=\"https:\/\/migrantesenigualdad.es\/wp-content\/uploads\/2025\/10\/Enlace-publicacion-2.pdf\">este enlace<\/a>.<\/p>\n","protected":false},"excerpt":{"rendered":"<p>El proyecto Rompiendo el silencio, impulsado por la Asociaci\u00f3n Columbares, ha publicado el libro Tejiendo alianzas contra el odio: enfoques contra la infradenuncia de los delitos de odio y la discriminaci\u00f3n. Este libro es un examen del crecimiento del discurso de odio en los medios de comunicaci\u00f3n y en el entorno digital, as\u00ed como las [&hellip;]<\/p>\n","protected":false},"author":1,"featured_media":7877,"comment_status":"open","ping_status":"closed","sticky":false,"template":"","format":"standard","meta":{"_et_pb_use_builder":"","_et_pb_old_content":"","_et_gb_content_width":"","_jetpack_newsletter_access":"","_jetpack_dont_email_post_to_subs":false,"_jetpack_newsletter_tier_id":0,"_jetpack_memberships_contains_paywalled_content":false,"_jetpack_feature_clip_id":0,"_jetpack_memberships_contains_paid_content":false,"footnotes":"","jetpack_post_was_ever_published":false},"categories":[269],"tags":[],"class_list":["post-7882","post","type-post","status-publish","format-standard","has-post-thumbnail","hentry","category-boletin-16-30-10-2025"],"jetpack_sharing_enabled":true,"jetpack_featured_media_url":"https:\/\/i0.wp.com\/migrantesenigualdad.es\/wp-content\/uploads\/2025\/10\/foto_2_72.jpg?fit=523%2C738&ssl=1","post_mailing_queue_ids":[],"_links":{"self":[{"href":"https:\/\/migrantesenigualdad.es\/index.php\/wp-json\/wp\/v2\/posts\/7882","targetHints":{"allow":["GET"]}}],"collection":[{"href":"https:\/\/migrantesenigualdad.es\/index.php\/wp-json\/wp\/v2\/posts"}],"about":[{"href":"https:\/\/migrantesenigualdad.es\/index.php\/wp-json\/wp\/v2\/types\/post"}],"author":[{"embeddable":true,"href":"https:\/\/migrantesenigualdad.es\/index.php\/wp-json\/wp\/v2\/users\/1"}],"replies":[{"embeddable":true,"href":"https:\/\/migrantesenigualdad.es\/index.php\/wp-json\/wp\/v2\/comments?post=7882"}],"version-history":[{"count":3,"href":"https:\/\/migrantesenigualdad.es\/index.php\/wp-json\/wp\/v2\/posts\/7882\/revisions"}],"predecessor-version":[{"id":7888,"href":"https:\/\/migrantesenigualdad.es\/index.php\/wp-json\/wp\/v2\/posts\/7882\/revisions\/7888"}],"wp:featuredmedia":[{"embeddable":true,"href":"https:\/\/migrantesenigualdad.es\/index.php\/wp-json\/wp\/v2\/media\/7877"}],"wp:attachment":[{"href":"https:\/\/migrantesenigualdad.es\/index.php\/wp-json\/wp\/v2\/media?parent=7882"}],"wp:term":[{"taxonomy":"category","embeddable":true,"href":"https:\/\/migrantesenigualdad.es\/index.php\/wp-json\/wp\/v2\/categories?post=7882"},{"taxonomy":"post_tag","embeddable":true,"href":"https:\/\/migrantesenigualdad.es\/index.php\/wp-json\/wp\/v2\/tags?post=7882"}],"curies":[{"name":"wp","href":"https:\/\/api.w.org\/{rel}","templated":true}]}}