{"id":7873,"date":"2025-10-30T12:09:40","date_gmt":"2025-10-30T10:09:40","guid":{"rendered":"https:\/\/migrantesenigualdad.es\/?p=7873"},"modified":"2025-10-30T12:09:40","modified_gmt":"2025-10-30T10:09:40","slug":"migrantes-en-igualdad-conmemora-el-dia-del-respeto-a-la-diversidad-cultural","status":"publish","type":"post","link":"https:\/\/migrantesenigualdad.es\/index.php\/2025\/10\/30\/migrantes-en-igualdad-conmemora-el-dia-del-respeto-a-la-diversidad-cultural\/","title":{"rendered":"Migrantes en igualdad conmemora el D\u00eda del respeto a la diversidad cultural"},"content":{"rendered":"<p>El equipo de Migrantes en igualdad puso en el mercadillo de La Estaci\u00f3n de Jimena de la Frontera el pasado 9 de octubre un punto informativo como anticipo de la celebraci\u00f3n del D\u00eda del respeto a la diversidad cultural, que se celebr\u00f3 el 12 del mismo mes. Esta actividad fue una intervenci\u00f3n comunitaria a pie de calle en el marco de las actividades de prevenci\u00f3n de los delitos de odio. Montamos el punto de informaci\u00f3n en La Estaci\u00f3n de Jimena porque es un espacio p\u00fablico estrat\u00e9gico del municipio por el volumen de poblaci\u00f3n migrante que all\u00ed reside, que fue la principal receptora de nuestro mensaje: Informarles sobre los recursos, servicios y herramientas que ofrecemos para promover la igualdad de trato y el acceso a la atenci\u00f3n especializada en casos de discriminaci\u00f3n y delitos de odio.<\/p>\n<p>Profesionales del proyecto estuvieron informando, orientando y resolviendo las dudas sobre qu\u00e9 las vecinas y vecinos le planteaban. Explicaron qu\u00e9 se considera un delito de odio y c\u00f3mo reconocer situaciones de discriminaci\u00f3n, violencia o exclusi\u00f3n basadas en el origen \u00e9tnico, nacionalidad, religi\u00f3n u otros factores vinculados a la diversidad cultural. Informamos a las personas asistentes c\u00f3mo actuar en caso de ser v\u00edctima o testigo de un delito de odio, y qu\u00e9 recursos existen para recibir apoyo emocional, jur\u00eddico y social.<\/p>\n<p>El punto informativo tambi\u00e9n sirvi\u00f3 como espacio de escucha activa, pues muchas personas migrantes compartieron con nosotras y nosotros sus experiencias, preocupaciones o situaciones vividas. Todas y todos encontraron en el equipo del proyecto un entorno seguro, respetuoso y libre de juicios. Pusimos especial \u00e9nfasis en hacer que las personas migrantes para conozcan sus derechos y sepan que no est\u00e1n solas ante situaciones de vulnerabilidad, discriminaci\u00f3n o violencia.<\/p>\n","protected":false},"excerpt":{"rendered":"<p>El equipo de Migrantes en igualdad puso en el mercadillo de La Estaci\u00f3n de Jimena de la Frontera el pasado 9 de octubre un punto informativo como anticipo de la celebraci\u00f3n del D\u00eda del respeto a la diversidad cultural, que se celebr\u00f3 el 12 del mismo mes. Esta actividad fue una intervenci\u00f3n comunitaria a pie [&hellip;]<\/p>\n","protected":false},"author":1,"featured_media":7876,"comment_status":"open","ping_status":"closed","sticky":false,"template":"","format":"standard","meta":{"_et_pb_use_builder":"","_et_pb_old_content":"","_et_gb_content_width":"","_jetpack_newsletter_access":"","_jetpack_dont_email_post_to_subs":false,"_jetpack_newsletter_tier_id":0,"_jetpack_memberships_contains_paywalled_content":false,"_jetpack_feature_clip_id":0,"_jetpack_memberships_contains_paid_content":false,"footnotes":"","jetpack_post_was_ever_published":false},"categories":[269],"tags":[],"class_list":["post-7873","post","type-post","status-publish","format-standard","has-post-thumbnail","hentry","category-boletin-16-30-10-2025"],"jetpack_sharing_enabled":true,"jetpack_featured_media_url":"https:\/\/i0.wp.com\/migrantesenigualdad.es\/wp-content\/uploads\/2025\/10\/foto_1_72.jpeg?fit=1600%2C1335&ssl=1","post_mailing_queue_ids":[],"_links":{"self":[{"href":"https:\/\/migrantesenigualdad.es\/index.php\/wp-json\/wp\/v2\/posts\/7873","targetHints":{"allow":["GET"]}}],"collection":[{"href":"https:\/\/migrantesenigualdad.es\/index.php\/wp-json\/wp\/v2\/posts"}],"about":[{"href":"https:\/\/migrantesenigualdad.es\/index.php\/wp-json\/wp\/v2\/types\/post"}],"author":[{"embeddable":true,"href":"https:\/\/migrantesenigualdad.es\/index.php\/wp-json\/wp\/v2\/users\/1"}],"replies":[{"embeddable":true,"href":"https:\/\/migrantesenigualdad.es\/index.php\/wp-json\/wp\/v2\/comments?post=7873"}],"version-history":[{"count":1,"href":"https:\/\/migrantesenigualdad.es\/index.php\/wp-json\/wp\/v2\/posts\/7873\/revisions"}],"predecessor-version":[{"id":7881,"href":"https:\/\/migrantesenigualdad.es\/index.php\/wp-json\/wp\/v2\/posts\/7873\/revisions\/7881"}],"wp:featuredmedia":[{"embeddable":true,"href":"https:\/\/migrantesenigualdad.es\/index.php\/wp-json\/wp\/v2\/media\/7876"}],"wp:attachment":[{"href":"https:\/\/migrantesenigualdad.es\/index.php\/wp-json\/wp\/v2\/media?parent=7873"}],"wp:term":[{"taxonomy":"category","embeddable":true,"href":"https:\/\/migrantesenigualdad.es\/index.php\/wp-json\/wp\/v2\/categories?post=7873"},{"taxonomy":"post_tag","embeddable":true,"href":"https:\/\/migrantesenigualdad.es\/index.php\/wp-json\/wp\/v2\/tags?post=7873"}],"curies":[{"name":"wp","href":"https:\/\/api.w.org\/{rel}","templated":true}]}}