{"id":7827,"date":"2025-10-01T08:50:51","date_gmt":"2025-10-01T06:50:51","guid":{"rendered":"https:\/\/migrantesenigualdad.es\/?p=7827"},"modified":"2025-10-01T09:00:56","modified_gmt":"2025-10-01T07:00:56","slug":"noticias-breves-12","status":"publish","type":"post","link":"https:\/\/migrantesenigualdad.es\/index.php\/2025\/10\/01\/noticias-breves-12\/","title":{"rendered":"Noticias breves"},"content":{"rendered":"<h4><img data-recalc-dims=\"1\" loading=\"lazy\" decoding=\"async\" class=\" wp-image-7526 alignleft\" src=\"https:\/\/i0.wp.com\/migrantesenigualdad.es\/wp-content\/uploads\/2025\/09\/Foto-4-3.png?resize=227%2C128&#038;ssl=1\" alt=\"\" width=\"227\" height=\"128\" data-wp-editing=\"1\" \/><\/h4>\n<h4>El acusado de insultos racistas a I\u00f1aki Williams acepta un a\u00f1o de c\u00e1rcel y una multa econ\u00f3mica<\/h4>\n<p data-start=\"86\" data-end=\"251\">Un aficionado del RCD Espanyol ha sido condenado por proferir insultos y gestos racistas contra el futbolista I\u00f1aki Williams, del Athletic Club, durante un partido. El acusado ha aceptado una condena de un a\u00f1o de prisi\u00f3n y una multa por un delito de incitaci\u00f3n al odio, tras llegar a un acuerdo con la fiscal\u00eda. Este caso se convierte en el primero en Espa\u00f1a en el que un aficionado es condenado por un delito de odio vinculado a insultos racistas en un estadio deportivo.<\/p>\n<p style=\"text-align: right;\"><a href=\"https:\/\/www.rtve.es\/deportes\/20250903\/acusado-insultos-racistas-a-inaki-williams-acepta-ano-carcel\/16715401.shtml\" target=\"_blank\" rel=\"noopener\">M\u00e1s informaci\u00f3n<\/a><\/p>\n<hr \/>\n<h4><img data-recalc-dims=\"1\" loading=\"lazy\" decoding=\"async\" class=\" wp-image-7524 alignleft\" src=\"https:\/\/i0.wp.com\/migrantesenigualdad.es\/wp-content\/uploads\/2025\/09\/Foto-5-1.png?resize=220%2C124&#038;ssl=1\" alt=\"\" width=\"220\" height=\"124\" \/>Condenadas por prevaricaci\u00f3n dos exdirigentes de Ceuta por repatriar a Marruecos a 55 menores en 2021<\/h4>\n<p>La Audiencia Provincial de C\u00e1diz en Ceuta ha condenado a la exdelegada del Gobierno y a la ex vicepresidenta del Ejecutivo ceut\u00ed por prevaricaci\u00f3n en la repatriaci\u00f3n de 55 menores a Marruecos en 2021. La sentencia les impone 9 a\u00f1os de inhabilitaci\u00f3n para ocupar cargos p\u00fablicos y para ejercer funciones de Gobierno, as\u00ed como otros 9 a\u00f1os sin poder presentarse a elecciones, por vulnerar la Ley de Extranjer\u00eda y la Convenci\u00f3n de los Derechos del Ni\u00f1o.<\/p>\n<p style=\"text-align: right;\"><a href=\"https:\/\/www.rtve.es\/noticias\/20250911\/condenadas-prevaricacion-dos-exdirigentes-ceuta-por-repatriar-marruecos-55-menores-2021\/16725543.shtml\" target=\"_blank\" rel=\"noopener\">M\u00e1s informaci\u00f3n<\/a><\/p>\n<hr \/>\n<p><img data-recalc-dims=\"1\" loading=\"lazy\" decoding=\"async\" class=\" wp-image-7516 alignleft\" src=\"https:\/\/i0.wp.com\/migrantesenigualdad.es\/wp-content\/uploads\/2025\/09\/Foto-6-1.png?resize=222%2C125&#038;ssl=1\" alt=\"\" width=\"222\" height=\"125\" \/><\/p>\n<h4>Cerca del 40 por ciento de los menores de 5 a\u00f1os en Espa\u00f1a tiene origen extranjero, seg\u00fan Funcas<\/h4>\n<p>En Espa\u00f1a, casi el 40 por ciento de los ni\u00f1os menores de cinco a\u00f1os son de origen extranjero, seg\u00fan un informe de Panorama Social de Funcas. La inmigraci\u00f3n ya no es vista como algo temporal, sino como un elemento estructural de la sociedad. Esto se debe tanto al volumen de migrantes como al crecimiento de la segunda generaci\u00f3n. En 2024, el 36 por ciento de los menores de 20 a\u00f1os y el 39 de los menores de 5 ten\u00edan origen extranjero, lo que convierte a este grupo en clave para el futuro del pa\u00eds en t\u00e9rminos demogr\u00e1ficos, sociales y pol\u00edticos.<\/p>\n<p style=\"text-align: right;\"><a href=\"https:\/\/www.elmundo.es\/espana\/2025\/09\/10\/68c1789ce4d4d8c43b8b4575-video.html\" target=\"_blank\" rel=\"noopener\">M\u00e1s informaci\u00f3n<\/a><\/p>\n<hr \/>\n<h4><img data-recalc-dims=\"1\" loading=\"lazy\" decoding=\"async\" class=\" wp-image-7514 alignleft\" src=\"https:\/\/i0.wp.com\/migrantesenigualdad.es\/wp-content\/uploads\/2025\/09\/Foto-7-2.png?resize=227%2C128&#038;ssl=1\" alt=\"\" width=\"227\" height=\"128\" \/>Bellido elogia la labor de las entidades sociales con las personas migran-tes frente a quienes generan odio y enfrentamiento<\/h4>\n<p data-start=\"92\" data-end=\"407\">El presidente de las Cortes de Castilla-La Mancha, Pablo Bellido, ha elogiado el compromiso solidario de la sociedad y de las entidades sociales con las<br \/>\nmigrantes, en contraste con los discursos de odio promovidos por algunos partidos pol\u00edticos.<\/p>\n<p style=\"text-align: right;\"><a href=\"https:\/\/www.abc.es\/espana\/castilla-la-mancha\/bellido-elogia-labor-entidades-sociales-personas-migrantes-20250910235459-nt.html#goog_rewarded\" target=\"_blank\" rel=\"noopener\">M\u00e1s informaci\u00f3n<\/a><\/p>\n","protected":false},"excerpt":{"rendered":"<p>El acusado de insultos racistas a I\u00f1aki Williams acepta un a\u00f1o de c\u00e1rcel y una multa econ\u00f3mica Un aficionado del RCD Espanyol ha sido condenado por proferir insultos y gestos racistas contra el futbolista I\u00f1aki Williams, del Athletic Club, durante un partido. El acusado ha aceptado una condena de un a\u00f1o de prisi\u00f3n y una [&hellip;]<\/p>\n","protected":false},"author":1,"featured_media":7707,"comment_status":"open","ping_status":"closed","sticky":false,"template":"","format":"standard","meta":{"_et_pb_use_builder":"","_et_pb_old_content":"","_et_gb_content_width":"","_jetpack_newsletter_access":"","_jetpack_dont_email_post_to_subs":false,"_jetpack_newsletter_tier_id":0,"_jetpack_memberships_contains_paywalled_content":false,"_jetpack_feature_clip_id":0,"_jetpack_memberships_contains_paid_content":false,"footnotes":"","jetpack_post_was_ever_published":false},"categories":[268],"tags":[],"class_list":["post-7827","post","type-post","status-publish","format-standard","has-post-thumbnail","hentry","category-boletin-15-30-09-2025"],"jetpack_sharing_enabled":true,"jetpack_featured_media_url":"https:\/\/i0.wp.com\/migrantesenigualdad.es\/wp-content\/uploads\/2025\/07\/2149318883.jpg?fit=1500%2C1000&ssl=1","post_mailing_queue_ids":[],"_links":{"self":[{"href":"https:\/\/migrantesenigualdad.es\/index.php\/wp-json\/wp\/v2\/posts\/7827","targetHints":{"allow":["GET"]}}],"collection":[{"href":"https:\/\/migrantesenigualdad.es\/index.php\/wp-json\/wp\/v2\/posts"}],"about":[{"href":"https:\/\/migrantesenigualdad.es\/index.php\/wp-json\/wp\/v2\/types\/post"}],"author":[{"embeddable":true,"href":"https:\/\/migrantesenigualdad.es\/index.php\/wp-json\/wp\/v2\/users\/1"}],"replies":[{"embeddable":true,"href":"https:\/\/migrantesenigualdad.es\/index.php\/wp-json\/wp\/v2\/comments?post=7827"}],"version-history":[{"count":1,"href":"https:\/\/migrantesenigualdad.es\/index.php\/wp-json\/wp\/v2\/posts\/7827\/revisions"}],"predecessor-version":[{"id":7835,"href":"https:\/\/migrantesenigualdad.es\/index.php\/wp-json\/wp\/v2\/posts\/7827\/revisions\/7835"}],"wp:featuredmedia":[{"embeddable":true,"href":"https:\/\/migrantesenigualdad.es\/index.php\/wp-json\/wp\/v2\/media\/7707"}],"wp:attachment":[{"href":"https:\/\/migrantesenigualdad.es\/index.php\/wp-json\/wp\/v2\/media?parent=7827"}],"wp:term":[{"taxonomy":"category","embeddable":true,"href":"https:\/\/migrantesenigualdad.es\/index.php\/wp-json\/wp\/v2\/categories?post=7827"},{"taxonomy":"post_tag","embeddable":true,"href":"https:\/\/migrantesenigualdad.es\/index.php\/wp-json\/wp\/v2\/tags?post=7827"}],"curies":[{"name":"wp","href":"https:\/\/api.w.org\/{rel}","templated":true}]}}