{"id":7822,"date":"2025-10-01T08:53:30","date_gmt":"2025-10-01T06:53:30","guid":{"rendered":"https:\/\/migrantesenigualdad.es\/?p=7822"},"modified":"2025-10-01T10:36:39","modified_gmt":"2025-10-01T08:36:39","slug":"hija-de-inmigrantes-un-libro-que-trata-con-sensibilidad-el-racismo-estructural-la-exclusion-y-la-violencia-institucional","status":"publish","type":"post","link":"https:\/\/migrantesenigualdad.es\/index.php\/2025\/10\/01\/hija-de-inmigrantes-un-libro-que-trata-con-sensibilidad-el-racismo-estructural-la-exclusion-y-la-violencia-institucional\/","title":{"rendered":"Hija de inmigrantes, un libro que trata con sensibilidad el racismo estructural, la exclusi\u00f3n y la violencia institucional"},"content":{"rendered":"<p>Hija de inmigrantes, de Safia El Aaddam, es una novela profundamente conmovedora y necesaria que explora las vivencias de Lunja, una joven de origen amazigh nacida en un peque\u00f1o pueblo catal\u00e1n, hija de padres migrantes marroqu\u00edes. A trav\u00e9s de un relato \u00edntimo y sincero, estructurado en torno a las sesiones con su psic\u00f3loga, Lunja revive una infancia marcada por el racismo estructural, el desarraigo cultural y la precariedad.<\/p>\n<p>La autora construye una historia que, aunque de ficci\u00f3n, plasma claramente experiencias reales, especialmente en lo que respecta al sistema educativo y a las instituciones que, en lugar de proteger, fomentan formas de exclusi\u00f3n y violencia. En la escuela, la protagonista de la historia es constantemente invisibilizada o estigmatizada; recibe burlas por su nombre, por su idioma, por su apariencia, y el profesorado no solo no interviene, sino que muchas veces reproduce esos estereotipos.<\/p>\n<p>Las din\u00e1micas escolares se presentan como uno de los primeros espacios donde el racismo se normaliza y se interioriza hasta afectar al desarrollo emocional de la protagonista. La instituci\u00f3n educativa no act\u00faa como un espacio de cuidado o inclusi\u00f3n, sino como un aparato que valida lo normativo y rechaza la diferencia, lo que lleva a Lunja a intentar encajar borr\u00e1ndose a s\u00ed misma. Esta presi\u00f3n institucional no termina en la infancia, sino que contin\u00faa a lo largo de su vida: tr\u00e1mites burocr\u00e1ticos, requisitos administrativos que obstaculizan el acceso a derechos b\u00e1sicos, y una constante sensaci\u00f3n de no pertenecer, incluso cuando se ha nacido en el territorio.<\/p>\n<p>Safia El Aaddam denuncia estas violencias utilizando una narrativa cuidada, directa y sin artificios, que apela a la empat\u00eda y a la toma de conciencia. El libro muestra c\u00f3mo el racismo no es solo un acto individual, sino una estructura sostenida por instituciones aparentemente neutrales. Hija de inmigrantes no es simplemente una novela sobre identidad o trauma personal, sino una denuncia contundente del racismo sist\u00e9mico en Espa\u00f1a y un espejo necesario para cuestionar c\u00f3mo nuestras escuelas, nuestras leyes y nuestras costumbres perpet\u00faan la exclusi\u00f3n de quienes no encajan con los estereotipos normalizados.<\/p>\n","protected":false},"excerpt":{"rendered":"<p>Hija de inmigrantes, de Safia El Aaddam, es una novela profundamente conmovedora y necesaria que explora las vivencias de Lunja, una joven de origen amazigh nacida en un peque\u00f1o pueblo catal\u00e1n, hija de padres migrantes marroqu\u00edes. A trav\u00e9s de un relato \u00edntimo y sincero, estructurado en torno a las sesiones con su psic\u00f3loga, Lunja revive [&hellip;]<\/p>\n","protected":false},"author":1,"featured_media":7842,"comment_status":"open","ping_status":"closed","sticky":false,"template":"","format":"standard","meta":{"_et_pb_use_builder":"","_et_pb_old_content":"","_et_gb_content_width":"","_jetpack_newsletter_access":"","_jetpack_dont_email_post_to_subs":false,"_jetpack_newsletter_tier_id":0,"_jetpack_memberships_contains_paywalled_content":false,"_jetpack_feature_clip_id":0,"_jetpack_memberships_contains_paid_content":false,"footnotes":"","jetpack_post_was_ever_published":false},"categories":[268],"tags":[],"class_list":["post-7822","post","type-post","status-publish","format-standard","has-post-thumbnail","hentry","category-boletin-15-30-09-2025"],"jetpack_sharing_enabled":true,"jetpack_featured_media_url":"https:\/\/i0.wp.com\/migrantesenigualdad.es\/wp-content\/uploads\/2025\/10\/Foto-publicacion-3-newsletter.jpg?fit=1200%2C1200&ssl=1","post_mailing_queue_ids":[],"_links":{"self":[{"href":"https:\/\/migrantesenigualdad.es\/index.php\/wp-json\/wp\/v2\/posts\/7822","targetHints":{"allow":["GET"]}}],"collection":[{"href":"https:\/\/migrantesenigualdad.es\/index.php\/wp-json\/wp\/v2\/posts"}],"about":[{"href":"https:\/\/migrantesenigualdad.es\/index.php\/wp-json\/wp\/v2\/types\/post"}],"author":[{"embeddable":true,"href":"https:\/\/migrantesenigualdad.es\/index.php\/wp-json\/wp\/v2\/users\/1"}],"replies":[{"embeddable":true,"href":"https:\/\/migrantesenigualdad.es\/index.php\/wp-json\/wp\/v2\/comments?post=7822"}],"version-history":[{"count":2,"href":"https:\/\/migrantesenigualdad.es\/index.php\/wp-json\/wp\/v2\/posts\/7822\/revisions"}],"predecessor-version":[{"id":7825,"href":"https:\/\/migrantesenigualdad.es\/index.php\/wp-json\/wp\/v2\/posts\/7822\/revisions\/7825"}],"wp:featuredmedia":[{"embeddable":true,"href":"https:\/\/migrantesenigualdad.es\/index.php\/wp-json\/wp\/v2\/media\/7842"}],"wp:attachment":[{"href":"https:\/\/migrantesenigualdad.es\/index.php\/wp-json\/wp\/v2\/media?parent=7822"}],"wp:term":[{"taxonomy":"category","embeddable":true,"href":"https:\/\/migrantesenigualdad.es\/index.php\/wp-json\/wp\/v2\/categories?post=7822"},{"taxonomy":"post_tag","embeddable":true,"href":"https:\/\/migrantesenigualdad.es\/index.php\/wp-json\/wp\/v2\/tags?post=7822"}],"curies":[{"name":"wp","href":"https:\/\/api.w.org\/{rel}","templated":true}]}}