{"id":7819,"date":"2025-10-01T08:54:51","date_gmt":"2025-10-01T06:54:51","guid":{"rendered":"https:\/\/migrantesenigualdad.es\/?p=7819"},"modified":"2025-10-01T10:34:16","modified_gmt":"2025-10-01T08:34:16","slug":"mujeres-de-origen-africano-combaten-el-racismo-en-la-europa-mediterranea","status":"publish","type":"post","link":"https:\/\/migrantesenigualdad.es\/index.php\/2025\/10\/01\/mujeres-de-origen-africano-combaten-el-racismo-en-la-europa-mediterranea\/","title":{"rendered":"Mujeres de origen africano combaten el racismo en la Europa mediterr\u00e1nea"},"content":{"rendered":"<p>La European Network of Women of African Descent (Enwad) es una red europea integrada por mujeres afrodescendientes que trabajan activamente para fortalecer a las personas j\u00f3venes y a las familias migrantes, sin distinguir pa\u00eds de origen, g\u00e9nero o convicciones personales. Su misi\u00f3n se centra en impulsar la inclusi\u00f3n social a trav\u00e9s de la educaci\u00f3n, la promoci\u00f3n del respeto por la diversidad y el fomento de una mayor conciencia sobre la riqueza cultural que aportan las mujeres de ascendencia africana.<\/p>\n<p>Enwad est\u00e1 desarrollando actualmente un proyecto con enfoque transformador, llamado Sonder. Esta iniciativa, lanzada oficialmente en julio de 2025, surge con una meta clara y urgente: combatir el racismo estructural y la afrofobia en Europa. Mostrar las vivencias y realidades de personas afrodescendientes en el continente, con especial atenci\u00f3n a las mujeres migrantes y refugiadas procedentes de \u00c1frica, es su otro objetivo prioritario.<\/p>\n<p>Esta propuesta innovadora se desarrolla en colaboraci\u00f3n con organizaciones de Espa\u00f1a, Italia, Gre-cia y Chipre, y cuenta con el respaldo financiero de la Uni\u00f3n Europea. El proyecto busca fomentar valores fundamentales como la justicia social, la empat\u00eda y la integraci\u00f3n a lo largo de la regi\u00f3n mediterr\u00e1nea, una zona estrat\u00e9gica por su diversidad cultural y por haber sido hist\u00f3ricamente un cruce de caminos entre pueblos.<\/p>\n<p>Las voces de las comunidades afrodescendientes han sido ignoradas o marginadas en el discurso p\u00fablico europeo durante mucho tiempo. Es por ello que el Mediterr\u00e1neo se convierte en un esce-nario clave para propiciar un cambio de paradigma, que permita construir una sociedad m\u00e1s cr\u00edtica frente al racismo y abierta a la pluralidad cultural.<\/p>\n<p>El proyecto recurre a herramientas creativas y expresivas para conectar con distintos p\u00fablicos. Utiliza materiales educativos, c\u00f3mics, producciones audiovisuales, contenido fotogr\u00e1fico y recur-sos art\u00edsticos con el fin de educar y sensibilizar desde el arte y la cultura, promoviendo el pensa-miento cr\u00edtico sobre temas como la identidad, el racismo y la convivencia intercultural.<\/p>\n<p>Sonder impulsa espacios de participaci\u00f3n activa a trav\u00e9s de laboratorios comunitarios y propuestas art\u00edsticas colaborativas, concebidas como lugares de encuentro donde distintas comunidades pue-dan dialogar, compartir sus experiencias y construir puentes de entendimiento mutuo.<\/p>\n<p><a href=\"https:\/\/www.inclusion.gob.es\/web\/oberaxe\/w\/nace-sonder-un-innovador-proyecto-europeo-para-combatir-el-racismo-estructural-y-amplificar-las-voces-de-afrodescendientes-en-el-mediterraneo\">Ir a la noticia<\/a><\/p>\n","protected":false},"excerpt":{"rendered":"<p>La European Network of Women of African Descent (Enwad) es una red europea integrada por mujeres afrodescendientes que trabajan activamente para fortalecer a las personas j\u00f3venes y a las familias migrantes, sin distinguir pa\u00eds de origen, g\u00e9nero o convicciones personales. Su misi\u00f3n se centra en impulsar la inclusi\u00f3n social a trav\u00e9s de la educaci\u00f3n, la [&hellip;]<\/p>\n","protected":false},"author":1,"featured_media":7820,"comment_status":"open","ping_status":"closed","sticky":false,"template":"","format":"standard","meta":{"_et_pb_use_builder":"","_et_pb_old_content":"","_et_gb_content_width":"","_jetpack_newsletter_access":"","_jetpack_dont_email_post_to_subs":false,"_jetpack_newsletter_tier_id":0,"_jetpack_memberships_contains_paywalled_content":false,"_jetpack_feature_clip_id":0,"_jetpack_memberships_contains_paid_content":false,"footnotes":"","jetpack_post_was_ever_published":false},"categories":[268,173],"tags":[],"class_list":["post-7819","post","type-post","status-publish","format-standard","has-post-thumbnail","hentry","category-boletin-15-30-09-2025","category-informes"],"jetpack_sharing_enabled":true,"jetpack_featured_media_url":"https:\/\/i0.wp.com\/migrantesenigualdad.es\/wp-content\/uploads\/2025\/09\/Foto-2-1.png?fit=538%2C429&ssl=1","post_mailing_queue_ids":[],"_links":{"self":[{"href":"https:\/\/migrantesenigualdad.es\/index.php\/wp-json\/wp\/v2\/posts\/7819","targetHints":{"allow":["GET"]}}],"collection":[{"href":"https:\/\/migrantesenigualdad.es\/index.php\/wp-json\/wp\/v2\/posts"}],"about":[{"href":"https:\/\/migrantesenigualdad.es\/index.php\/wp-json\/wp\/v2\/types\/post"}],"author":[{"embeddable":true,"href":"https:\/\/migrantesenigualdad.es\/index.php\/wp-json\/wp\/v2\/users\/1"}],"replies":[{"embeddable":true,"href":"https:\/\/migrantesenigualdad.es\/index.php\/wp-json\/wp\/v2\/comments?post=7819"}],"version-history":[{"count":3,"href":"https:\/\/migrantesenigualdad.es\/index.php\/wp-json\/wp\/v2\/posts\/7819\/revisions"}],"predecessor-version":[{"id":7841,"href":"https:\/\/migrantesenigualdad.es\/index.php\/wp-json\/wp\/v2\/posts\/7819\/revisions\/7841"}],"wp:featuredmedia":[{"embeddable":true,"href":"https:\/\/migrantesenigualdad.es\/index.php\/wp-json\/wp\/v2\/media\/7820"}],"wp:attachment":[{"href":"https:\/\/migrantesenigualdad.es\/index.php\/wp-json\/wp\/v2\/media?parent=7819"}],"wp:term":[{"taxonomy":"category","embeddable":true,"href":"https:\/\/migrantesenigualdad.es\/index.php\/wp-json\/wp\/v2\/categories?post=7819"},{"taxonomy":"post_tag","embeddable":true,"href":"https:\/\/migrantesenigualdad.es\/index.php\/wp-json\/wp\/v2\/tags?post=7819"}],"curies":[{"name":"wp","href":"https:\/\/api.w.org\/{rel}","templated":true}]}}