{"id":7815,"date":"2025-10-01T08:56:14","date_gmt":"2025-10-01T06:56:14","guid":{"rendered":"https:\/\/migrantesenigualdad.es\/?p=7815"},"modified":"2025-10-01T08:56:14","modified_gmt":"2025-10-01T06:56:14","slug":"la-red-de-deteccion-de-delitos-de-odio-debatio-sobre-el-racismo-estructural-y-la-accion-social","status":"publish","type":"post","link":"https:\/\/migrantesenigualdad.es\/index.php\/2025\/10\/01\/la-red-de-deteccion-de-delitos-de-odio-debatio-sobre-el-racismo-estructural-y-la-accion-social\/","title":{"rendered":"La red de detecci\u00f3n de delitos de odio debati\u00f3 sobre el racismo estructural y la acci\u00f3n social"},"content":{"rendered":"<p><strong>Migrantes en igualdad<\/strong> celebr\u00f3 el 25 de septiembre la segunda sesi\u00f3n online de la red de detecci\u00f3n y seguimiento de delitos de odio. Esta jornada se centr\u00f3 en un tema crucial y de especial relevancia para los profesionales del \u00e1mbito social: el racismo estructural y el papel de la acci\u00f3n social en su identificaci\u00f3n, denuncia y transformaci\u00f3n.<\/p>\n<p>Esta sesi\u00f3n forma parte del trabajo que venimos desarrollando en red con entidades sociales del Campo de Gibraltar y Ceuta, profesionales y agentes clave implicados en la detecci\u00f3n temprana, seguimiento y acompa\u00f1amiento de personas que han sufrido, o podr\u00edan estar en riesgo de sufrir, situaciones de odio y discriminaci\u00f3n. Nuestro objetivo com\u00fan es fortalecer una respuesta coordi-nada, informada y sensible que ponga en el centro los derechos de las v\u00edctimas.<\/p>\n<p>Hemos abordado en la jornada el racismo no solo como una cuesti\u00f3n de actitud individual, sino como un fen\u00f3meno estructural que atraviesan instituciones, normas sociales, pol\u00edticas p\u00fablicas y pr\u00e1cticas cotidianas. Hemos reflexionado colectivamente sobre c\u00f3mo esta forma de discrimina-ci\u00f3n sistem\u00e1tica afecta a comunidades racializadas y migrantes, y qu\u00e9 rol puede desempe\u00f1ar la acci\u00f3n social, desde sus diferentes \u00e1mbitos, en la lucha contra estas desigualdades.<\/p>\n","protected":false},"excerpt":{"rendered":"<p>Migrantes en igualdad celebr\u00f3 el 25 de septiembre la segunda sesi\u00f3n online de la red de detecci\u00f3n y seguimiento de delitos de odio. Esta jornada se centr\u00f3 en un tema crucial y de especial relevancia para los profesionales del \u00e1mbito social: el racismo estructural y el papel de la acci\u00f3n social en su identificaci\u00f3n, denuncia [&hellip;]<\/p>\n","protected":false},"author":1,"featured_media":7817,"comment_status":"open","ping_status":"closed","sticky":false,"template":"","format":"standard","meta":{"_et_pb_use_builder":"","_et_pb_old_content":"","_et_gb_content_width":"","_jetpack_newsletter_access":"","_jetpack_dont_email_post_to_subs":false,"_jetpack_newsletter_tier_id":0,"_jetpack_memberships_contains_paywalled_content":false,"_jetpack_feature_clip_id":0,"_jetpack_memberships_contains_paid_content":false,"footnotes":"","jetpack_post_was_ever_published":false},"categories":[268],"tags":[],"class_list":["post-7815","post","type-post","status-publish","format-standard","has-post-thumbnail","hentry","category-boletin-15-30-09-2025"],"jetpack_sharing_enabled":true,"jetpack_featured_media_url":"https:\/\/i0.wp.com\/migrantesenigualdad.es\/wp-content\/uploads\/2025\/09\/Foto-1-scaled.jpg?fit=1811%2C2560&ssl=1","post_mailing_queue_ids":[],"_links":{"self":[{"href":"https:\/\/migrantesenigualdad.es\/index.php\/wp-json\/wp\/v2\/posts\/7815","targetHints":{"allow":["GET"]}}],"collection":[{"href":"https:\/\/migrantesenigualdad.es\/index.php\/wp-json\/wp\/v2\/posts"}],"about":[{"href":"https:\/\/migrantesenigualdad.es\/index.php\/wp-json\/wp\/v2\/types\/post"}],"author":[{"embeddable":true,"href":"https:\/\/migrantesenigualdad.es\/index.php\/wp-json\/wp\/v2\/users\/1"}],"replies":[{"embeddable":true,"href":"https:\/\/migrantesenigualdad.es\/index.php\/wp-json\/wp\/v2\/comments?post=7815"}],"version-history":[{"count":1,"href":"https:\/\/migrantesenigualdad.es\/index.php\/wp-json\/wp\/v2\/posts\/7815\/revisions"}],"predecessor-version":[{"id":7818,"href":"https:\/\/migrantesenigualdad.es\/index.php\/wp-json\/wp\/v2\/posts\/7815\/revisions\/7818"}],"wp:featuredmedia":[{"embeddable":true,"href":"https:\/\/migrantesenigualdad.es\/index.php\/wp-json\/wp\/v2\/media\/7817"}],"wp:attachment":[{"href":"https:\/\/migrantesenigualdad.es\/index.php\/wp-json\/wp\/v2\/media?parent=7815"}],"wp:term":[{"taxonomy":"category","embeddable":true,"href":"https:\/\/migrantesenigualdad.es\/index.php\/wp-json\/wp\/v2\/categories?post=7815"},{"taxonomy":"post_tag","embeddable":true,"href":"https:\/\/migrantesenigualdad.es\/index.php\/wp-json\/wp\/v2\/tags?post=7815"}],"curies":[{"name":"wp","href":"https:\/\/api.w.org\/{rel}","templated":true}]}}