{"id":7796,"date":"2025-08-28T11:40:43","date_gmt":"2025-08-28T09:40:43","guid":{"rendered":"https:\/\/migrantesenigualdad.es\/?p=7796"},"modified":"2025-09-01T14:15:21","modified_gmt":"2025-09-01T12:15:21","slug":"la-asociacion-accem-publica-una-guia-para-evitar-el-racismo-en-la-atencion-a-ninos-que-migran-solos","status":"publish","type":"post","link":"https:\/\/migrantesenigualdad.es\/index.php\/2025\/08\/28\/la-asociacion-accem-publica-una-guia-para-evitar-el-racismo-en-la-atencion-a-ninos-que-migran-solos\/","title":{"rendered":"La asociaci\u00f3n Accem publica una gu\u00eda para evitar el racismo en la atenci\u00f3n a ni\u00f1os que migran solos"},"content":{"rendered":"<p>La Asociaci\u00f3n Comisi\u00f3n Cat\u00f3lica Espa\u00f1ola de Migraciones (Accem) ha publicado una gu\u00eda para profesionales llamada <em>Prevenci\u00f3n del racismo en la intervenci\u00f3n con ni\u00f1os, adolescentes y j\u00f3venes que han migrado solos.<\/em> Esta gu\u00eda ha sido elaborada tras los resultados de una investigaci\u00f3n llamada <em>Cartograf\u00edas del racismo<\/em>, que refleja las experiencias de discriminaci\u00f3n racial sufrida por ni\u00f1as, ni\u00f1os, adolescentes y j\u00f3venes que han migrado sin acompa\u00f1amiento.<\/p>\n<p>Gracias al trabajo de campo realizado, los autores de esta gu\u00eda han integrado la perspectiva de profesionales de diferentes organizaciones y territorios con la mirada de las personas atendidas en el sistema de intervenci\u00f3n. Fueron fundamentales para la investigaci\u00f3n los testimonios de ni\u00f1os y j\u00f3venes que migraron solos, todos ellos de origen magreb\u00ed y de \u00c1frica Occidental.<\/p>\n<p>La gu\u00eda est\u00e1 dividida en tres bloques que abarcan los retos y problemas de los profesionales del sistema de protecci\u00f3n, las recomendaciones para que los profesionales puedan asegurar una intervenci\u00f3n libre de racismo y las medidas y estrategias para prevenirlo.<\/p>\n<p>Esta herramienta tiene car\u00e1cter consultivo y ayuda a conocer las situaciones y l\u00f3gicas de discriminaci\u00f3n directa e indirecta que atraviesan las intervenciones con ni\u00f1os, adolescentes y j\u00f3venes que migran solos. La gu\u00eda ofrece recomendaciones y buenas pr\u00e1cticas para abordar la discriminaci\u00f3n racista en y durante la intervenci\u00f3n con este colectivo.<\/p>\n<div style=\"display: flex; justify-content: center;\"><a href=\"https:\/\/migrantesenigualdad.es\/wp-content\/uploads\/2025\/09\/Guia_de_Prevencion_del_racismo_con_ninos.pdf\" target=\"_blank\" rel=\"noopener\"><button style=\"background-color: #3f7ab5; color: white; border: none; padding: 10px 15px; font-size: 1.1rem; margin-top: 10px;\">Descargar gu\u00eda<\/button><\/a><\/div>\n","protected":false},"excerpt":{"rendered":"<p>La Asociaci\u00f3n Comisi\u00f3n Cat\u00f3lica Espa\u00f1ola de Migraciones (Accem) ha publicado una gu\u00eda para profesionales llamada Prevenci\u00f3n del racismo en la intervenci\u00f3n con ni\u00f1os, adolescentes y j\u00f3venes que han migrado solos. Esta gu\u00eda ha sido elaborada tras los resultados de una investigaci\u00f3n llamada Cartograf\u00edas del racismo, que refleja las experiencias de discriminaci\u00f3n racial sufrida por ni\u00f1as, [&hellip;]<\/p>\n","protected":false},"author":1,"featured_media":7761,"comment_status":"open","ping_status":"closed","sticky":false,"template":"","format":"standard","meta":{"_et_pb_use_builder":"","_et_pb_old_content":"","_et_gb_content_width":"","_jetpack_newsletter_access":"","_jetpack_dont_email_post_to_subs":false,"_jetpack_newsletter_tier_id":0,"_jetpack_memberships_contains_paywalled_content":false,"_jetpack_feature_clip_id":0,"_jetpack_memberships_contains_paid_content":false,"footnotes":"","jetpack_post_was_ever_published":false},"categories":[267,173],"tags":[],"class_list":["post-7796","post","type-post","status-publish","format-standard","has-post-thumbnail","hentry","category-boletin-14-28-08-2025","category-informes"],"jetpack_sharing_enabled":true,"jetpack_featured_media_url":"https:\/\/i0.wp.com\/migrantesenigualdad.es\/wp-content\/uploads\/2025\/09\/foto-2.png?fit=1148%2C754&ssl=1","post_mailing_queue_ids":[],"_links":{"self":[{"href":"https:\/\/migrantesenigualdad.es\/index.php\/wp-json\/wp\/v2\/posts\/7796","targetHints":{"allow":["GET"]}}],"collection":[{"href":"https:\/\/migrantesenigualdad.es\/index.php\/wp-json\/wp\/v2\/posts"}],"about":[{"href":"https:\/\/migrantesenigualdad.es\/index.php\/wp-json\/wp\/v2\/types\/post"}],"author":[{"embeddable":true,"href":"https:\/\/migrantesenigualdad.es\/index.php\/wp-json\/wp\/v2\/users\/1"}],"replies":[{"embeddable":true,"href":"https:\/\/migrantesenigualdad.es\/index.php\/wp-json\/wp\/v2\/comments?post=7796"}],"version-history":[{"count":1,"href":"https:\/\/migrantesenigualdad.es\/index.php\/wp-json\/wp\/v2\/posts\/7796\/revisions"}],"predecessor-version":[{"id":7797,"href":"https:\/\/migrantesenigualdad.es\/index.php\/wp-json\/wp\/v2\/posts\/7796\/revisions\/7797"}],"wp:featuredmedia":[{"embeddable":true,"href":"https:\/\/migrantesenigualdad.es\/index.php\/wp-json\/wp\/v2\/media\/7761"}],"wp:attachment":[{"href":"https:\/\/migrantesenigualdad.es\/index.php\/wp-json\/wp\/v2\/media?parent=7796"}],"wp:term":[{"taxonomy":"category","embeddable":true,"href":"https:\/\/migrantesenigualdad.es\/index.php\/wp-json\/wp\/v2\/categories?post=7796"},{"taxonomy":"post_tag","embeddable":true,"href":"https:\/\/migrantesenigualdad.es\/index.php\/wp-json\/wp\/v2\/tags?post=7796"}],"curies":[{"name":"wp","href":"https:\/\/api.w.org\/{rel}","templated":true}]}}