{"id":7776,"date":"2025-08-28T08:48:43","date_gmt":"2025-08-28T06:48:43","guid":{"rendered":"https:\/\/migrantesenigualdad.es\/?p=7776"},"modified":"2025-09-01T13:58:29","modified_gmt":"2025-09-01T11:58:29","slug":"noticias-breves-11","status":"publish","type":"post","link":"https:\/\/migrantesenigualdad.es\/index.php\/2025\/08\/28\/noticias-breves-11\/","title":{"rendered":"Noticias breves"},"content":{"rendered":"<h4><img data-recalc-dims=\"1\" loading=\"lazy\" decoding=\"async\" class=\" wp-image-7526 alignleft\" src=\"https:\/\/i0.wp.com\/migrantesenigualdad.es\/wp-content\/uploads\/2025\/09\/foto-4-2.png?resize=227%2C128&#038;ssl=1\" alt=\"\" width=\"227\" height=\"128\" data-wp-editing=\"1\" \/><\/h4>\n<h4>Todos los grupos pol\u00edticos de Villamalea (Albacete) piden la regularizaci\u00f3n de sus 1.000 vecinos migrantes<\/h4>\n<p data-start=\"86\" data-end=\"251\">Todos los grupos pol\u00edticos del Ayuntamiento de Villamalea (Albacete) han aprobado por unanimidad una moci\u00f3n para pedir la regularizaci\u00f3n de las personas migrantes que residen en el municipio. La iniciativa, promovida por la sociedad civil, destaca la buena convivencia en esta localidad de 4.000 habitantes, donde uno de cada cuatro vecinos es migrante. Los vecinos destacan el car\u00e1cter acogedor del municipio hacia los migrantes.<\/p>\n<p style=\"text-align: right;\"><a href=\"https:\/\/www.rtve.es\/noticias\/20250808\/grupos-politicos-villamalea-piden-regularizacion-1000-vecinos-migrantes\/16691973.shtml\" target=\"_blank\" rel=\"noopener\">M\u00e1s informaci\u00f3n<\/a><\/p>\n<hr \/>\n<h4><img data-recalc-dims=\"1\" loading=\"lazy\" decoding=\"async\" class=\" wp-image-7524 alignleft\" src=\"https:\/\/i0.wp.com\/migrantesenigualdad.es\/wp-content\/uploads\/2025\/09\/Foto-5-1.jpeg?resize=220%2C124&#038;ssl=1\" alt=\"\" width=\"220\" height=\"124\" \/>El Ku Klux Klan en la playa<\/h4>\n<p>El periodista Miguel Ramos, en este art\u00edculo, hace una reflexi\u00f3n sobre el reciente suceso ocurrido en la playa de Castell de Ferro, Granada. Una lancha con varios j\u00f3venes migrantes llega a la orilla a plena luz del d\u00eda. Mientras la mayor\u00eda de los ba\u00f1istas observa sin intervenir, uno de ellos decide actuar, en lugar de ayudar, detiene a uno de los j\u00f3venes hasta que llega la polic\u00eda. Otros testigos lo critican por su actitud, le recuerdan que ese chico ha arriesgado su vida cruzando el mar y que desconoce su situaci\u00f3n personal.<\/p>\n<p style=\"text-align: right;\"><a href=\"https:\/\/www.publico.es\/opinion\/columnas\/ku-klux-klan-playa.html\" target=\"_blank\" rel=\"noopener\">M\u00e1s informaci\u00f3n<\/a><\/p>\n<hr \/>\n<p><img data-recalc-dims=\"1\" loading=\"lazy\" decoding=\"async\" class=\" wp-image-7516 alignleft\" src=\"https:\/\/i0.wp.com\/migrantesenigualdad.es\/wp-content\/uploads\/2025\/09\/Foto-6-2.jpeg?resize=222%2C125&#038;ssl=1\" alt=\"\" width=\"222\" height=\"125\" \/><\/p>\n<h4>La comunidad musulmana de Jumilla, en \u201cshock\u201d por la prohibici\u00f3n del PP y Vox de sus actos festivos<\/h4>\n<p>Walid Habbal, coordinador de la Comisi\u00f3n Isl\u00e1mica en Murcia, considera que la prohibici\u00f3n del Ayuntamiento de Jumilla de celebrar actos religiosos como el fin del Ramad\u00e1n en instalaciones deportivas municipales es un retroceso y una falta de respeto hacia la comunidad musulmana. El Gobierno ha expresado su preocupaci\u00f3n y vigilar\u00e1 posibles discursos de odio derivados del acuerdo entre PP y Vox en el municipio.<\/p>\n<p style=\"text-align: right;\"><a href=\"https:\/\/www.publico.es\/sociedad\/comunidad-musulmana-jumilla-shock-prohibicion-actos-festivos.html\" target=\"_blank\" rel=\"noopener\">M\u00e1s informaci\u00f3n<\/a><\/p>\n<hr \/>\n<h4><img data-recalc-dims=\"1\" loading=\"lazy\" decoding=\"async\" class=\" wp-image-7514 alignleft\" src=\"https:\/\/i0.wp.com\/migrantesenigualdad.es\/wp-content\/uploads\/2025\/09\/foto-7-1.png?resize=227%2C128&#038;ssl=1\" alt=\"\" width=\"227\" height=\"128\" \/>Espa\u00f1a bate un nuevo r\u00e9cord de poblaci\u00f3n gracias a la inmigraci\u00f3n: 49.3 millones de habitantes<\/h4>\n<p data-start=\"92\" data-end=\"407\">La poblaci\u00f3n en Espa\u00f1a alcanz\u00f3 un r\u00e9cord en el segundo trimestre del a\u00f1o, con 49.315.949 habitantes al 1 de julio. El crecimiento, de 119.811 personas en tres meses y de m\u00e1s de 508.000 en un a\u00f1o, se debe principalmente al aumento de personas nacidas en el extranjero, ya que la poblaci\u00f3n nacida en Espa\u00f1a sigue disminuyendo, seg\u00fan datos del INE.<\/p>\n<p style=\"text-align: right;\"><a href=\"https:\/\/www.elperiodico.com\/es\/sociedad\/20250807\/inmigracion-impulsa-espana-nuevo-maximo-poblacion-120421547\" target=\"_blank\" rel=\"noopener\">M\u00e1s informaci\u00f3n<\/a><\/p>\n","protected":false},"excerpt":{"rendered":"<p>Todos los grupos pol\u00edticos de Villamalea (Albacete) piden la regularizaci\u00f3n de sus 1.000 vecinos migrantes Todos los grupos pol\u00edticos del Ayuntamiento de Villamalea (Albacete) han aprobado por unanimidad una moci\u00f3n para pedir la regularizaci\u00f3n de las personas migrantes que residen en el municipio. La iniciativa, promovida por la sociedad civil, destaca la buena convivencia en [&hellip;]<\/p>\n","protected":false},"author":1,"featured_media":7707,"comment_status":"open","ping_status":"closed","sticky":false,"template":"","format":"standard","meta":{"_et_pb_use_builder":"","_et_pb_old_content":"","_et_gb_content_width":"","_jetpack_newsletter_access":"","_jetpack_dont_email_post_to_subs":false,"_jetpack_newsletter_tier_id":0,"_jetpack_memberships_contains_paywalled_content":false,"_jetpack_feature_clip_id":0,"_jetpack_memberships_contains_paid_content":false,"footnotes":"","jetpack_post_was_ever_published":false},"categories":[267],"tags":[],"class_list":["post-7776","post","type-post","status-publish","format-standard","has-post-thumbnail","hentry","category-boletin-14-28-08-2025"],"jetpack_sharing_enabled":true,"jetpack_featured_media_url":"https:\/\/i0.wp.com\/migrantesenigualdad.es\/wp-content\/uploads\/2025\/07\/2149318883.jpg?fit=1500%2C1000&ssl=1","post_mailing_queue_ids":[],"_links":{"self":[{"href":"https:\/\/migrantesenigualdad.es\/index.php\/wp-json\/wp\/v2\/posts\/7776","targetHints":{"allow":["GET"]}}],"collection":[{"href":"https:\/\/migrantesenigualdad.es\/index.php\/wp-json\/wp\/v2\/posts"}],"about":[{"href":"https:\/\/migrantesenigualdad.es\/index.php\/wp-json\/wp\/v2\/types\/post"}],"author":[{"embeddable":true,"href":"https:\/\/migrantesenigualdad.es\/index.php\/wp-json\/wp\/v2\/users\/1"}],"replies":[{"embeddable":true,"href":"https:\/\/migrantesenigualdad.es\/index.php\/wp-json\/wp\/v2\/comments?post=7776"}],"version-history":[{"count":2,"href":"https:\/\/migrantesenigualdad.es\/index.php\/wp-json\/wp\/v2\/posts\/7776\/revisions"}],"predecessor-version":[{"id":7784,"href":"https:\/\/migrantesenigualdad.es\/index.php\/wp-json\/wp\/v2\/posts\/7776\/revisions\/7784"}],"wp:featuredmedia":[{"embeddable":true,"href":"https:\/\/migrantesenigualdad.es\/index.php\/wp-json\/wp\/v2\/media\/7707"}],"wp:attachment":[{"href":"https:\/\/migrantesenigualdad.es\/index.php\/wp-json\/wp\/v2\/media?parent=7776"}],"wp:term":[{"taxonomy":"category","embeddable":true,"href":"https:\/\/migrantesenigualdad.es\/index.php\/wp-json\/wp\/v2\/categories?post=7776"},{"taxonomy":"post_tag","embeddable":true,"href":"https:\/\/migrantesenigualdad.es\/index.php\/wp-json\/wp\/v2\/tags?post=7776"}],"curies":[{"name":"wp","href":"https:\/\/api.w.org\/{rel}","templated":true}]}}