{"id":7765,"date":"2025-08-28T09:11:11","date_gmt":"2025-08-28T07:11:11","guid":{"rendered":"https:\/\/migrantesenigualdad.es\/?p=7765"},"modified":"2025-09-01T14:26:06","modified_gmt":"2025-09-01T12:26:06","slug":"mariposas-negras-una-pelicula-comprometida-frente-al-cambio-climatico-y-la-discriminacion-de-la-mujer","status":"publish","type":"post","link":"https:\/\/migrantesenigualdad.es\/index.php\/2025\/08\/28\/mariposas-negras-una-pelicula-comprometida-frente-al-cambio-climatico-y-la-discriminacion-de-la-mujer\/","title":{"rendered":"Mariposas negras, una pel\u00edcula comprometida frente al cambio clim\u00e1tico y la discriminaci\u00f3n de la mujer"},"content":{"rendered":"<p>[et_pb_section fb_built=\u00bb1&#8243; admin_label=\u00bbsection\u00bb _builder_version=\u00bb4.16&#8243; global_colors_info=\u00bb{}\u00bb][et_pb_row admin_label=\u00bbrow\u00bb _builder_version=\u00bb4.27.4&#8243; background_size=\u00bbinitial\u00bb background_position=\u00bbtop_left\u00bb background_repeat=\u00bbrepeat\u00bb width=\u00bb100%\u00bb custom_padding=\u00bb0px||||false|false\u00bb global_colors_info=\u00bb{}\u00bb][et_pb_column type=\u00bb4_4&#8243; _builder_version=\u00bb4.16&#8243; custom_padding=\u00bb|||\u00bb global_colors_info=\u00bb{}\u00bb custom_padding__hover=\u00bb|||\u00bb][et_pb_text admin_label=\u00bbText\u00bb _builder_version=\u00bb4.27.4&#8243; background_size=\u00bbinitial\u00bb background_position=\u00bbtop_left\u00bb background_repeat=\u00bbrepeat\u00bb hover_enabled=\u00bb0&#8243; global_colors_info=\u00bb{}\u00bb sticky_enabled=\u00bb0&#8243;]<\/p>\n<p style=\"text-align: justify;\"><em>Mariposas negras<\/em>, dirigida por David Baute, es una pel\u00edcula de animaci\u00f3n que narra la historia de tres mujeres de puntos muy distintos del planeta, pero con algo en comu\u0301n: las tres lo pierden todo por el efecto del calentamiento global y se ven forzadas a migrar. La obra, que entrelaza testimonio y resistencia, es fruto de una coproducci\u00f3n entre Espa\u00f1a y Panam\u00e1, con apoyo de instituciones como RTVE y el Gobierno de Canarias. La pel\u00edcula ofrece una mirada valiente y sensible sobre la migraci\u00f3n clim\u00e1tica, especialmente desde la perspectiva femenina.<\/p>\n<p style=\"text-align: justify;\">El impacto social de <em>Mariposas negras<\/em> radica precisamente en su capacidad de conectar generaciones, or\u00edgenes y luchas. No se limita a informar sobre una realidad social que existe a nivel mundial, sino que interpela al espectador, genera una reflexi\u00f3n, lo hace part\u00edcipe de una historia que sigue repiti\u00e9ndose a lo largo del tiempo.<\/p>\n<p style=\"text-align: justify;\">La pel\u00edcula tiene un mensaje ecologista y afronta m\u00faltiples realidades, como la falta de reconocimiento legal para los llamados refugiados clim\u00e1ticos, la violencia de g\u00e9nero, la pobreza estructural, la burocracia que entorpece el acceso a los derechos y la indiferencia social y pol\u00edtica hacia las v\u00edctimas de esta crisis. Es una obra que muestra c\u00f3mo el cambio clim\u00e1tico exacerba desigualdades y obliga a muchas personas a abandonar sus ra\u00edces y enfrentar un futuro incierto.<\/p>\n<p style=\"text-align: justify;\">Para disfrutar de esta pel\u00edcula de manera gratuita puedes acceder a la plataforma RTVE Play.<\/p>\n<p>Para ver el tr\u00e1iler pinche <a href=\"https:\/\/www.youtube.com\/watch?v=SDN1bl7AFFg\" target=\"_blank\" rel=\"noopener\">aqu\u00ed<\/a><\/p>\n<p>[\/et_pb_text][\/et_pb_column][\/et_pb_row][\/et_pb_section]<\/p>\n","protected":false},"excerpt":{"rendered":"<p>Mariposas negras, dirigida por David Baute, es una pel\u00edcula de animaci\u00f3n que narra la historia de tres mujeres de puntos muy distintos del planeta, pero con algo en comu\u0301n: las tres lo pierden todo por el efecto del calentamiento global y se ven forzadas a migrar. La obra, que entrelaza testimonio y resistencia, es fruto [&hellip;]<\/p>\n","protected":false},"author":1,"featured_media":7767,"comment_status":"open","ping_status":"closed","sticky":false,"template":"","format":"standard","meta":{"_et_pb_use_builder":"on","_et_pb_old_content":"<em>Mariposas negras<\/em>, dirigida por David Baute, es una pel\u00edcula de animaci\u00f3n que narra la historia de tres mujeres de puntos muy distintos del planeta, pero con algo en comu\u0301n: las tres lo pierden todo por el efecto del calentamiento global y se ven forzadas a migrar. La obra, que en-trelaza testimonio y resistencia, es fruto de una coproducci\u00f3n entre Espa\u00f1a y Panam\u00e1, con apoyo de instituciones como RTVE y el Gobierno de Canarias. La pel\u00edcula ofrece una mirada valiente y sensible sobre la migraci\u00f3n clim\u00e1tica, especialmente desde la perspectiva femenina.\r\n\r\nEl impacto social de <em>Mariposas negras<\/em> radica precisamente en su capacidad de conectar generaciones, or\u00edgenes y luchas. No se limita a informar sobre una realidad social que existe a nivel mundial, sino que interpela al espectador, genera una reflexi\u00f3n, lo hace part\u00edcipe de una historia que sigue repiti\u00e9ndose a lo largo del tiempo.\r\n\r\nLa pel\u00edcula tiene un mensaje ecologista y afronta m\u00faltiples realidades, como la falta de reconocimiento legal para los llamados refugiados clim\u00e1ticos, la violencia de g\u00e9nero, la pobreza estructural, la burocracia que entorpece el acceso a los derechos y la indiferencia social y pol\u00edtica hacia las v\u00edctimas de esta crisis. Es una obra que muestra c\u00f3mo el cambio clim\u00e1tico exacerba desigualdades y obliga a muchas personas a abandonar sus ra\u00edces y enfrentar un futuro incierto.\r\n\r\nPara disfrutar de esta pel\u00edcula de manera gratuita puedes acceder a la plataforma RTVE Play.","_et_gb_content_width":"","_jetpack_newsletter_access":"","_jetpack_dont_email_post_to_subs":false,"_jetpack_newsletter_tier_id":0,"_jetpack_memberships_contains_paywalled_content":false,"_jetpack_feature_clip_id":0,"_jetpack_memberships_contains_paid_content":false,"footnotes":"","jetpack_post_was_ever_published":false},"categories":[267],"tags":[],"class_list":["post-7765","post","type-post","status-publish","format-standard","has-post-thumbnail","hentry","category-boletin-14-28-08-2025"],"jetpack_sharing_enabled":true,"jetpack_featured_media_url":"https:\/\/i0.wp.com\/migrantesenigualdad.es\/wp-content\/uploads\/2025\/09\/Foto-3.jpg?fit=840%2C1200&ssl=1","post_mailing_queue_ids":[],"_links":{"self":[{"href":"https:\/\/migrantesenigualdad.es\/index.php\/wp-json\/wp\/v2\/posts\/7765","targetHints":{"allow":["GET"]}}],"collection":[{"href":"https:\/\/migrantesenigualdad.es\/index.php\/wp-json\/wp\/v2\/posts"}],"about":[{"href":"https:\/\/migrantesenigualdad.es\/index.php\/wp-json\/wp\/v2\/types\/post"}],"author":[{"embeddable":true,"href":"https:\/\/migrantesenigualdad.es\/index.php\/wp-json\/wp\/v2\/users\/1"}],"replies":[{"embeddable":true,"href":"https:\/\/migrantesenigualdad.es\/index.php\/wp-json\/wp\/v2\/comments?post=7765"}],"version-history":[{"count":10,"href":"https:\/\/migrantesenigualdad.es\/index.php\/wp-json\/wp\/v2\/posts\/7765\/revisions"}],"predecessor-version":[{"id":7808,"href":"https:\/\/migrantesenigualdad.es\/index.php\/wp-json\/wp\/v2\/posts\/7765\/revisions\/7808"}],"wp:featuredmedia":[{"embeddable":true,"href":"https:\/\/migrantesenigualdad.es\/index.php\/wp-json\/wp\/v2\/media\/7767"}],"wp:attachment":[{"href":"https:\/\/migrantesenigualdad.es\/index.php\/wp-json\/wp\/v2\/media?parent=7765"}],"wp:term":[{"taxonomy":"category","embeddable":true,"href":"https:\/\/migrantesenigualdad.es\/index.php\/wp-json\/wp\/v2\/categories?post=7765"},{"taxonomy":"post_tag","embeddable":true,"href":"https:\/\/migrantesenigualdad.es\/index.php\/wp-json\/wp\/v2\/tags?post=7765"}],"curies":[{"name":"wp","href":"https:\/\/api.w.org\/{rel}","templated":true}]}}