{"id":7757,"date":"2025-08-28T11:47:39","date_gmt":"2025-08-28T09:47:39","guid":{"rendered":"https:\/\/migrantesenigualdad.es\/?p=7757"},"modified":"2025-09-01T14:00:43","modified_gmt":"2025-09-01T12:00:43","slug":"migrantes-en-igualdad-celebra-en-algeciras-el-dia-europeo-en-memoria-de-las-victimas-de-odio","status":"publish","type":"post","link":"https:\/\/migrantesenigualdad.es\/index.php\/2025\/08\/28\/migrantes-en-igualdad-celebra-en-algeciras-el-dia-europeo-en-memoria-de-las-victimas-de-odio\/","title":{"rendered":"Migrantes en igualdad celebra en Algeciras el D\u00eda europeo en memoria de las v\u00edctimas de odio"},"content":{"rendered":"<p>El equipo del proyecto Migrantes en igualdad organiz\u00f3 una jornada de difusi\u00f3n en la plaza Alta de Algeciras, un lugar emblem\u00e1tico del municipio y punto neur\u00e1lgico de reuni\u00f3n para la poblaci\u00f3n migrante afincada en esta ciudad. Hicimos esta actividad el 22 de julio, D\u00eda europeo en memoria de las v\u00edctimas de los delitos de odio, para reafirmar nuestro compromiso contra todas las formas de discriminaci\u00f3n y violencia. Este d\u00eda se celebra desde 2016 por iniciativa del Consejo de Europa para recordar a las v\u00edctimas de los atentados en Oslo y Utoya en el a\u00f1o 2011, en los que fallecieron 77 personas, en su mayor\u00eda adolescentes.<\/p>\n<p>Fueron numerosas las personas que en la plaza Alta algecire\u00f1a recibieron informaci\u00f3n sobre los distintos servicios que ofrece Migrantes en igualdad: desde el apoyo psicosocial a las personas que sufren este tipo de agresiones hasta las herramientas legales que ponemos a su servicio para defender sus derechos, y nuestras campa\u00f1as para la detecci\u00f3n y denuncia de delitos de odio. Este tipo de actividad no solo nos sirve como espacio informativo, sino que tambi\u00e9n nos permiten identificar posibles v\u00edctimas y ofrecerles el acompa\u00f1amiento necesario para su protecci\u00f3n y orientaci\u00f3n jur\u00eddica.<\/p>\n<p>Pudimos detectar en esta jornada, como en otras anteriores, que la poblaci\u00f3n migrante, en general, soporta con resignaci\u00f3n el racismo. Es decir, que muchas veces normaliza situaciones discriminatorias o evita denunciarlas, lo que evidencia una preocupante naturalizaci\u00f3n de estas actitudes. Esta realidad pone de manifiesto la necesidad urgente de reforzar las acciones de sensibilizaci\u00f3n, empoderamiento y acompa\u00f1amiento a las personas migrantes, para que puedan identificar y enfrentar el racismo en todas sus formas.<\/p>\n<p>La Fundaci\u00f3n M\u00e1rgenes y V\u00ednculos y su proyecto Migrantes en igualdad quieren consolidar su posici\u00f3n como actor clave en la protecci\u00f3n de los derechos de la poblaci\u00f3n migrante del Campo de Gibraltar y Ceuta y participar activamente en la construcci\u00f3n de una sociedad m\u00e1s justa e inclusiva. Esta actividad es coherente con nuestro compromiso constante por erradicar la discriminaci\u00f3n y promover la equidad con un enfoque especial en las personas migrantes que atraviesan situaciones de vulnerabilidad.<\/p>\n","protected":false},"excerpt":{"rendered":"<p>El equipo del proyecto Migrantes en igualdad organiz\u00f3 una jornada de difusi\u00f3n en la plaza Alta de Algeciras, un lugar emblem\u00e1tico del municipio y punto neur\u00e1lgico de reuni\u00f3n para la poblaci\u00f3n migrante afincada en esta ciudad. Hicimos esta actividad el 22 de julio, D\u00eda europeo en memoria de las v\u00edctimas de los delitos de odio, [&hellip;]<\/p>\n","protected":false},"author":1,"featured_media":7758,"comment_status":"open","ping_status":"closed","sticky":false,"template":"","format":"standard","meta":{"_et_pb_use_builder":"","_et_pb_old_content":"","_et_gb_content_width":"","_jetpack_newsletter_access":"","_jetpack_dont_email_post_to_subs":false,"_jetpack_newsletter_tier_id":0,"_jetpack_memberships_contains_paywalled_content":false,"_jetpack_feature_clip_id":0,"_jetpack_memberships_contains_paid_content":false,"footnotes":"","jetpack_post_was_ever_published":false},"categories":[267,249],"tags":[],"class_list":["post-7757","post","type-post","status-publish","format-standard","has-post-thumbnail","hentry","category-boletin-14-28-08-2025","category-informacion-en-calle"],"jetpack_sharing_enabled":true,"jetpack_featured_media_url":"https:\/\/i0.wp.com\/migrantesenigualdad.es\/wp-content\/uploads\/2025\/08\/foto-1.jpeg?fit=1045%2C872&ssl=1","post_mailing_queue_ids":[],"_links":{"self":[{"href":"https:\/\/migrantesenigualdad.es\/index.php\/wp-json\/wp\/v2\/posts\/7757","targetHints":{"allow":["GET"]}}],"collection":[{"href":"https:\/\/migrantesenigualdad.es\/index.php\/wp-json\/wp\/v2\/posts"}],"about":[{"href":"https:\/\/migrantesenigualdad.es\/index.php\/wp-json\/wp\/v2\/types\/post"}],"author":[{"embeddable":true,"href":"https:\/\/migrantesenigualdad.es\/index.php\/wp-json\/wp\/v2\/users\/1"}],"replies":[{"embeddable":true,"href":"https:\/\/migrantesenigualdad.es\/index.php\/wp-json\/wp\/v2\/comments?post=7757"}],"version-history":[{"count":2,"href":"https:\/\/migrantesenigualdad.es\/index.php\/wp-json\/wp\/v2\/posts\/7757\/revisions"}],"predecessor-version":[{"id":7775,"href":"https:\/\/migrantesenigualdad.es\/index.php\/wp-json\/wp\/v2\/posts\/7757\/revisions\/7775"}],"wp:featuredmedia":[{"embeddable":true,"href":"https:\/\/migrantesenigualdad.es\/index.php\/wp-json\/wp\/v2\/media\/7758"}],"wp:attachment":[{"href":"https:\/\/migrantesenigualdad.es\/index.php\/wp-json\/wp\/v2\/media?parent=7757"}],"wp:term":[{"taxonomy":"category","embeddable":true,"href":"https:\/\/migrantesenigualdad.es\/index.php\/wp-json\/wp\/v2\/categories?post=7757"},{"taxonomy":"post_tag","embeddable":true,"href":"https:\/\/migrantesenigualdad.es\/index.php\/wp-json\/wp\/v2\/tags?post=7757"}],"curies":[{"name":"wp","href":"https:\/\/api.w.org\/{rel}","templated":true}]}}