{"id":7710,"date":"2025-07-28T14:00:12","date_gmt":"2025-07-28T12:00:12","guid":{"rendered":"https:\/\/migrantesenigualdad.es\/?p=7710"},"modified":"2025-07-30T13:30:12","modified_gmt":"2025-07-30T11:30:12","slug":"manifiesto-22-de-julio-dia-europeo-en-memoria-de-las-victimas-de-los-delitos-de-odio","status":"publish","type":"post","link":"https:\/\/migrantesenigualdad.es\/index.php\/2025\/07\/28\/manifiesto-22-de-julio-dia-europeo-en-memoria-de-las-victimas-de-los-delitos-de-odio\/","title":{"rendered":"MANIFIESTO 22 DE JULIO  DIA EUROPEO EN MEMORIA DE LAS V\u00cdCTIMAS DE LOS DELITOS DE ODIO"},"content":{"rendered":"<p data-start=\"138\" data-end=\"1388\">La Fundaci\u00f3n M\u00e1rgenes y V\u00ednculos, con su proyecto Migrantes en igualdad, se suma hoy, 22 de julio, a la conmemoraci\u00f3n del <strong>D\u00eda Europeo en Memoria de las V\u00edctimas de los Delitos de Odio<\/strong>. Esta es una jornada de memoria y conciencia que sirve para que rindamos homenaje a todas las personas que han sido agredidas, amenazadas, excluidas o asesinadas como consecuencia del odio, la intolerancia y la discriminaci\u00f3n. Esta fundaci\u00f3n condena rotundamente los sucesos vividos la semana pasada en el municipio murciano de Torre Pacheco, que tiene 40.000 habitantes, cuando grupos de ultraderechistas organizados se dedicaron a perseguir y atosigar a personas de origen migrante. La actuaci\u00f3n de los secuaces del racismo se produjo durante varias noches y oblig\u00f3 a la intervenci\u00f3n de la Guardia Civil y la Polic\u00eda Local, que detuvieron a varios de los agitadores. La actuaci\u00f3n de estos grupos racistas no solo ha sido alimentada por las publicaciones de odio aparecidas en las redes sociales tras la presunta agresi\u00f3n sufrida por un anciano en el pueblo, sino que las declaraciones de algunos dirigentes pol\u00edticos locales, nacionales e internacionales fueron irresponsables y a\u00f1adieron cierta justificaci\u00f3n a las proclamas racistas que generaron la violencia.<\/p>\n<p data-start=\"1390\" data-end=\"2519\">M\u00e1rgenes y V\u00ednculos exige a todos los partidos pol\u00edticos que nunca jam\u00e1s expresen en sus discursos o declaraciones ambig\u00fcedad, complacencia o comprensi\u00f3n hacia los discursos de odio y el racismo. Ninguna comprensi\u00f3n ni tolerancia para ellos. Por el contrario, la fiscal\u00eda del Estado debe intervenir para perseguir no solo a los autores materiales de los hechos, sino tambi\u00e9n a quienes hayan alentado o justificado estos delitos. El 22 de julio nos ayuda a recordar al p\u00fablico en general la existencia y el impacto grave que los delitos de odio tienen en las personas, sus familias y la sociedad. Y que no son solo hechos violentos aislados o fruto de acciones individuales, sino que son una expresi\u00f3n profunda que ciertos sectores o grupos sociales tienen de rechazo a la diversidad y de negaci\u00f3n de derechos. Debemos recordar que las v\u00edctimas de estos delitos no son cifras. Son personas reales con historias, proyectos de vida y derechos vulnerados. Recordarlas implica no solo honrar su memoria, sino tambi\u00e9n asumir un compromiso activo con todas y cada una de ellas, con la justicia, la reparaci\u00f3n y la transformaci\u00f3n social.<\/p>\n<p data-start=\"2521\" data-end=\"3606\"><strong>Migrantes en igualdad<\/strong> trabaja cada d\u00eda junto a personas migrantes que se enfrentan a diversas formas de odio y discriminaci\u00f3n. Acompa\u00f1amos a quienes han sufrido insultos, agresiones, hostigamiento o exclusi\u00f3n por el simple hecho de proceder de un lugar distinto, hablar otra lengua o tener una religi\u00f3n diferente. Escuchamos sus historias, les ofrecemos apoyo jur\u00eddico, psicol\u00f3gico y social, y, sobre todo, construimos con ellas caminos de reparaci\u00f3n, dignificaci\u00f3n y empoderamiento. Por eso, este d\u00eda es un acto de memoria y de compromiso. Reivindicamos con fuerza el derecho de todas las personas a vivir con libertad, seguridad y dignidad, independientemente de su origen, su religi\u00f3n, su color de piel, su situaci\u00f3n administrativa o cualquier otra condici\u00f3n personal o social. Exigimos que las v\u00edctimas de delitos de odio sean reconocidas, protegidas y reparadas \u00edntegramente, que las instituciones asuman con responsabilidad su deber de prevenir, sancionar y erradicar estos delitos, y que las fuerzas de seguridad est\u00e9n formadas y sensibilizadas para intervenir sin prejuicios.<\/p>\n<p data-start=\"3608\" data-end=\"4448\">Exigimos tambi\u00e9n que el sistema judicial act\u00fae con firmeza y justicia, que las autoridades promuevan una educaci\u00f3n p\u00fablica de calidad y transformadora que fomente el pensamiento cr\u00edtico, el respeto a la diversidad y los valores democr\u00e1ticos. Y que, como sociedad civil, no permanezcamos indiferentes ni seamos c\u00f3mplices del odio, el miedo o la exclusi\u00f3n. Hoy recordamos a quienes ya no est\u00e1n, a quienes fueron silenciadas por el odio, pero tambi\u00e9n abrazamos a quienes siguen luchando por su derecho a un lugar digno en la sociedad, por su voz, por su derecho a existir en igualdad. Nos unimos a ellas y ellos y reafirmamos que no daremos ni un paso atr\u00e1s. Seguiremos caminando junto a las v\u00edctimas, alzando la voz, denunciando las injusticias y construyendo comunidades donde todas las personas, sin excepci\u00f3n, puedan vivir libres del odio.<\/p>\n","protected":false},"excerpt":{"rendered":"<p>La Fundaci\u00f3n M\u00e1rgenes y V\u00ednculos, con su proyecto Migrantes en igualdad, se suma hoy, 22 de julio, a la conmemoraci\u00f3n del D\u00eda Europeo en Memoria de las V\u00edctimas de los Delitos de Odio. Esta es una jornada de memoria y conciencia que sirve para que rindamos homenaje a todas las personas que han sido agredidas, [&hellip;]<\/p>\n","protected":false},"author":1,"featured_media":7711,"comment_status":"open","ping_status":"closed","sticky":false,"template":"","format":"standard","meta":{"_et_pb_use_builder":"","_et_pb_old_content":"","_et_gb_content_width":"","_jetpack_newsletter_access":"","_jetpack_dont_email_post_to_subs":false,"_jetpack_newsletter_tier_id":0,"_jetpack_memberships_contains_paywalled_content":false,"_jetpack_feature_clip_id":0,"_jetpack_memberships_contains_paid_content":false,"footnotes":"","jetpack_post_was_ever_published":false},"categories":[265,246],"tags":[],"class_list":["post-7710","post","type-post","status-publish","format-standard","has-post-thumbnail","hentry","category-boletin-13-25-07-25","category-conmemoraciones"],"jetpack_sharing_enabled":true,"jetpack_featured_media_url":"https:\/\/i0.wp.com\/migrantesenigualdad.es\/wp-content\/uploads\/2025\/07\/Captura-de-pantalla-2025-07-28-100223.png?fit=792%2C188&ssl=1","post_mailing_queue_ids":[],"_links":{"self":[{"href":"https:\/\/migrantesenigualdad.es\/index.php\/wp-json\/wp\/v2\/posts\/7710","targetHints":{"allow":["GET"]}}],"collection":[{"href":"https:\/\/migrantesenigualdad.es\/index.php\/wp-json\/wp\/v2\/posts"}],"about":[{"href":"https:\/\/migrantesenigualdad.es\/index.php\/wp-json\/wp\/v2\/types\/post"}],"author":[{"embeddable":true,"href":"https:\/\/migrantesenigualdad.es\/index.php\/wp-json\/wp\/v2\/users\/1"}],"replies":[{"embeddable":true,"href":"https:\/\/migrantesenigualdad.es\/index.php\/wp-json\/wp\/v2\/comments?post=7710"}],"version-history":[{"count":1,"href":"https:\/\/migrantesenigualdad.es\/index.php\/wp-json\/wp\/v2\/posts\/7710\/revisions"}],"predecessor-version":[{"id":7712,"href":"https:\/\/migrantesenigualdad.es\/index.php\/wp-json\/wp\/v2\/posts\/7710\/revisions\/7712"}],"wp:featuredmedia":[{"embeddable":true,"href":"https:\/\/migrantesenigualdad.es\/index.php\/wp-json\/wp\/v2\/media\/7711"}],"wp:attachment":[{"href":"https:\/\/migrantesenigualdad.es\/index.php\/wp-json\/wp\/v2\/media?parent=7710"}],"wp:term":[{"taxonomy":"category","embeddable":true,"href":"https:\/\/migrantesenigualdad.es\/index.php\/wp-json\/wp\/v2\/categories?post=7710"},{"taxonomy":"post_tag","embeddable":true,"href":"https:\/\/migrantesenigualdad.es\/index.php\/wp-json\/wp\/v2\/tags?post=7710"}],"curies":[{"name":"wp","href":"https:\/\/api.w.org\/{rel}","templated":true}]}}