{"id":7700,"date":"2025-07-28T13:12:17","date_gmt":"2025-07-28T11:12:17","guid":{"rendered":"https:\/\/migrantesenigualdad.es\/?p=7700"},"modified":"2025-07-30T12:57:10","modified_gmt":"2025-07-30T10:57:10","slug":"noticias-breves-10","status":"publish","type":"post","link":"https:\/\/migrantesenigualdad.es\/index.php\/2025\/07\/28\/noticias-breves-10\/","title":{"rendered":"Noticias breves"},"content":{"rendered":"<h4><img data-recalc-dims=\"1\" loading=\"lazy\" decoding=\"async\" class=\" wp-image-7526 alignleft\" src=\"https:\/\/i0.wp.com\/migrantesenigualdad.es\/wp-content\/uploads\/2025\/07\/foto-3-1.png?resize=227%2C128&#038;ssl=1\" alt=\"\" width=\"227\" height=\"128\" data-wp-editing=\"1\" \/><\/h4>\n<h4>Jean Paul lleg\u00f3 en patera a Espa\u00f1a y ahora es guardia civil en Murcia: \u00abSi a m\u00ed me ayudaron, yo podr\u00e9 hacer lo mismo\u00bb<\/h4>\n<p data-start=\"86\" data-end=\"251\">Jean Paul huy\u00f3 de Camer\u00fan por la dif\u00edcil situaci\u00f3n que atravesaba el pa\u00eds. Al llegar a las costas de Espa\u00f1a fue rescatado por la Guardia Civil cuando estaba a punto de morir ahogado en el mar. Jean Paul asegura que la mejor forma de agradecer la ayuda del instituto armado era convirti\u00e9ndose en uno de ellos.<\/p>\n<p style=\"text-align: right;\"><a href=\"https:\/\/www.laopiniondemurcia.es\/sucesos\/2025\/06\/25\/jean-paul-llego-patera-espana-ahora-guardia-civil-119065098.html\" target=\"_blank\" rel=\"noopener\">M\u00e1s informaci\u00f3n<\/a><\/p>\n<hr \/>\n<h4><img data-recalc-dims=\"1\" loading=\"lazy\" decoding=\"async\" class=\" wp-image-7524 alignleft\" src=\"https:\/\/i0.wp.com\/migrantesenigualdad.es\/wp-content\/uploads\/2025\/07\/Foto-4.png?resize=220%2C124&#038;ssl=1\" alt=\"\" width=\"220\" height=\"124\" \/>El racismo inmobiliario, o cuando nadie te quiere alquilar un piso por tu acento o tu color de la piel<\/h4>\n<p data-start=\"107\" data-end=\"263\">El racismo inmobiliario est\u00e1 prohibido por la ley, pero, a\u00fan as\u00ed, muchas personas lo viven a diario. Los pisos dejan de estar disponibles cuando los propietarios escuchan el acento o ven el color de piel que quien quiere arrendarlos, sin tener en cuenta si tienen ingresos econ\u00f3micos y residencia legal en Espa\u00f1a.<\/p>\n<p style=\"text-align: right;\"><a href=\"https:\/\/elpais.com\/espana\/madrid\/2025-07-12\/el-racismo-inmobiliario-cuando-el-acento-o-el-color-de-la-piel-te-cierran-todas-las-puertas-del-alquiler.html\" target=\"_blank\" rel=\"noopener\">M\u00e1s informaci\u00f3n<\/a><\/p>\n<hr \/>\n<p><img data-recalc-dims=\"1\" loading=\"lazy\" decoding=\"async\" class=\" wp-image-7516 alignleft\" src=\"https:\/\/i0.wp.com\/migrantesenigualdad.es\/wp-content\/uploads\/2025\/07\/foto-5.png?resize=222%2C125&#038;ssl=1\" alt=\"\" width=\"222\" height=\"125\" \/><\/p>\n<h4>Esto es lo que pasar\u00eda en Espa\u00f1a si desapareciera la inmigraci\u00f3n<\/h4>\n<p>Aunque la inmigraci\u00f3n se presenta como una amenaza, en realidad es una necesidad estructural para Espa\u00f1a. El pa\u00eds depende de poblaci\u00f3n migrante para sostener su econom\u00eda y bienestar social. Europa cuenta con una poblaci\u00f3n cada vez m\u00e1s envejecida y pierde poblaci\u00f3n activa, esta relaci\u00f3n migratoria es una forma de interdependencia, no una invasi\u00f3n.<\/p>\n<p style=\"text-align: right;\"><a href=\"https:\/\/www.ondacero.es\/noticias\/sociedad\/esto-que-pasaria-espana-desapareciera-inmigracion_202507116870c7e06e1ec26d3129b33e.html\" target=\"_blank\" rel=\"noopener\">M\u00e1s informaci\u00f3n<\/a><\/p>\n<hr \/>\n<h4><img data-recalc-dims=\"1\" loading=\"lazy\" decoding=\"async\" class=\" wp-image-7514 alignleft\" src=\"https:\/\/i0.wp.com\/migrantesenigualdad.es\/wp-content\/uploads\/2025\/07\/foto-6.png?resize=227%2C128&#038;ssl=1\" alt=\"\" width=\"227\" height=\"128\" \/>La Fiscal\u00eda investigar\u00e1 a Vox por incitar al odio en Torre Pacheco<\/h4>\n<p data-start=\"92\" data-end=\"407\">La Fiscal\u00eda Superior de la Regi\u00f3n de Murcia ha abierto una investigaci\u00f3n por posibles delitos de odio en declaraciones de Vox relacionadas con la situaci\u00f3n en Torre Pacheco. La investigaci\u00f3n, motivada por denuncias del PSOE, Izquierda Unida y Podemos, tambi\u00e9n revisar\u00e1 mensajes difundidos en redes sociales. El caso ser\u00e1 llevado por la fiscal delegada de delitos de odio.<\/p>\n<p style=\"text-align: right;\"><a href=\"https:\/\/www.laopiniondemurcia.es\/comunidad\/2025\/07\/15\/fiscalia-investigara-vox-delitos-odio-torre-pacheco-119708072.html\" target=\"_blank\" rel=\"noopener\">M\u00e1s informaci\u00f3n<\/a><\/p>\n","protected":false},"excerpt":{"rendered":"<p>Jean Paul lleg\u00f3 en patera a Espa\u00f1a y ahora es guardia civil en Murcia: \u00abSi a m\u00ed me ayudaron, yo podr\u00e9 hacer lo mismo\u00bb Jean Paul huy\u00f3 de Camer\u00fan por la dif\u00edcil situaci\u00f3n que atravesaba el pa\u00eds. Al llegar a las costas de Espa\u00f1a fue rescatado por la Guardia Civil cuando estaba a punto de [&hellip;]<\/p>\n","protected":false},"author":1,"featured_media":7707,"comment_status":"open","ping_status":"closed","sticky":false,"template":"","format":"standard","meta":{"_et_pb_use_builder":"","_et_pb_old_content":"","_et_gb_content_width":"","_jetpack_newsletter_access":"","_jetpack_dont_email_post_to_subs":false,"_jetpack_newsletter_tier_id":0,"_jetpack_memberships_contains_paywalled_content":false,"_jetpack_feature_clip_id":0,"_jetpack_memberships_contains_paid_content":false,"footnotes":"","jetpack_post_was_ever_published":false},"categories":[265],"tags":[],"class_list":["post-7700","post","type-post","status-publish","format-standard","has-post-thumbnail","hentry","category-boletin-13-25-07-25"],"jetpack_sharing_enabled":true,"jetpack_featured_media_url":"https:\/\/i0.wp.com\/migrantesenigualdad.es\/wp-content\/uploads\/2025\/07\/2149318883.jpg?fit=1500%2C1000&ssl=1","post_mailing_queue_ids":[],"_links":{"self":[{"href":"https:\/\/migrantesenigualdad.es\/index.php\/wp-json\/wp\/v2\/posts\/7700","targetHints":{"allow":["GET"]}}],"collection":[{"href":"https:\/\/migrantesenigualdad.es\/index.php\/wp-json\/wp\/v2\/posts"}],"about":[{"href":"https:\/\/migrantesenigualdad.es\/index.php\/wp-json\/wp\/v2\/types\/post"}],"author":[{"embeddable":true,"href":"https:\/\/migrantesenigualdad.es\/index.php\/wp-json\/wp\/v2\/users\/1"}],"replies":[{"embeddable":true,"href":"https:\/\/migrantesenigualdad.es\/index.php\/wp-json\/wp\/v2\/comments?post=7700"}],"version-history":[{"count":2,"href":"https:\/\/migrantesenigualdad.es\/index.php\/wp-json\/wp\/v2\/posts\/7700\/revisions"}],"predecessor-version":[{"id":7706,"href":"https:\/\/migrantesenigualdad.es\/index.php\/wp-json\/wp\/v2\/posts\/7700\/revisions\/7706"}],"wp:featuredmedia":[{"embeddable":true,"href":"https:\/\/migrantesenigualdad.es\/index.php\/wp-json\/wp\/v2\/media\/7707"}],"wp:attachment":[{"href":"https:\/\/migrantesenigualdad.es\/index.php\/wp-json\/wp\/v2\/media?parent=7700"}],"wp:term":[{"taxonomy":"category","embeddable":true,"href":"https:\/\/migrantesenigualdad.es\/index.php\/wp-json\/wp\/v2\/categories?post=7700"},{"taxonomy":"post_tag","embeddable":true,"href":"https:\/\/migrantesenigualdad.es\/index.php\/wp-json\/wp\/v2\/tags?post=7700"}],"curies":[{"name":"wp","href":"https:\/\/api.w.org\/{rel}","templated":true}]}}