{"id":7656,"date":"2025-06-26T14:00:15","date_gmt":"2025-06-26T12:00:15","guid":{"rendered":"https:\/\/migrantesenigualdad.es\/?p=7656"},"modified":"2025-06-27T09:49:38","modified_gmt":"2025-06-27T07:49:38","slug":"noticias-breves-9","status":"publish","type":"post","link":"https:\/\/migrantesenigualdad.es\/index.php\/2025\/06\/26\/noticias-breves-9\/","title":{"rendered":"Noticias breves"},"content":{"rendered":"<h4><img data-recalc-dims=\"1\" loading=\"lazy\" decoding=\"async\" class=\" wp-image-7526 alignleft\" src=\"https:\/\/i0.wp.com\/migrantesenigualdad.es\/wp-content\/uploads\/2025\/06\/Foto-4.png?resize=227%2C128&#038;ssl=1\" alt=\"\" width=\"227\" height=\"128\" \/><\/h4>\n<h4>La Justicia cierra un centro con 43 menores migrantes en Gran Canaria v\u00edctimas de presuntas torturas y delitos de odio<\/h4>\n<p data-start=\"86\" data-end=\"251\">El juzgado piloto de violencia contra la infancia y la adolescencia de Las Palmas de Gran Canaria ha acordado el cierre de un centro de atenci\u00f3n a menores no acompa\u00f1ados. Los acusados se enfrentan a una acusaci\u00f3n por delitos de lesiones, odio, amenazas y contra la integridad moral.<\/p>\n<p style=\"text-align: right;\"><a href=\"https:\/\/www.eldiario.es\/canariasahora\/tribunales\/registro-policial-centro-menores-migrantes-gran-canaria-presuntos-delitos-odio_1_12310637.html\" target=\"_blank\" rel=\"noopener\">M\u00e1s informaci\u00f3n<\/a><\/p>\n<hr \/>\n<h4><img data-recalc-dims=\"1\" loading=\"lazy\" decoding=\"async\" class=\" wp-image-7524 alignleft\" src=\"https:\/\/i0.wp.com\/migrantesenigualdad.es\/wp-content\/uploads\/2025\/06\/Foto-5.jpg?resize=220%2C124&#038;ssl=1\" alt=\"\" width=\"220\" height=\"124\" \/>Primera sentencia en Espa\u00f1a que condena los insultos racistas en los estadios como un delito de odio<\/h4>\n<p data-start=\"107\" data-end=\"263\">La audiencia provincial de Valladolid ha dictado la primera sentencia en Espa\u00f1a que condena como delito de odio a cinco acusados por proferir insultos racistas al futbolista Vinicius Jr. en un estadio de f\u00fatbol. La noticia supone un paso firme hacia la erradicaci\u00f3n del racismo en el deporte.<\/p>\n<p style=\"text-align: right;\"><a href=\"https:\/\/www.laverdaddeceuta.com\/futbol\/noticias\/deportes\/futbol\/primera-sentencia-en-espana-que-condena-los-insultos-racistas-en-los-estadios-como-un-delito-de-odio\" target=\"_blank\" rel=\"noopener\">M\u00e1s informaci\u00f3n<\/a><\/p>\n<hr \/>\n<p><img data-recalc-dims=\"1\" loading=\"lazy\" decoding=\"async\" class=\" wp-image-7516 alignleft\" src=\"https:\/\/i0.wp.com\/migrantesenigualdad.es\/wp-content\/uploads\/2025\/06\/Foto-6.png?resize=222%2C125&#038;ssl=1\" alt=\"\" width=\"222\" height=\"125\" \/><\/p>\n<h4>El vuelco del cayuco en El Hierro, una tragedia evitable que cuestiona el protocolo de rescate<\/h4>\n<p>Un cayuco vuelca en la isla de El Hierro mientras estaba siendo remolcado por Salvamento Mar\u00edtimo y provoca una tragedia con varios heridos y siete personas fallecidas. La administraci\u00f3n canaria pedir\u00e1 a la delegaci\u00f3n del\u00a0Gobierno la revisi\u00f3n de los protocolos de actuaci\u00f3n en las labores de salvamento.<\/p>\n<p style=\"text-align: right;\"><a href=\"https:\/\/www.rtve.es\/noticias\/20250529\/vuelco-del-cayuco-hierro-tragedia-evitable-cuestiona-protocolo-rescate\/16601595.shtml\" target=\"_blank\" rel=\"noopener\">M\u00e1s informaci\u00f3n<\/a><\/p>\n<hr \/>\n<h4><img data-recalc-dims=\"1\" loading=\"lazy\" decoding=\"async\" class=\" wp-image-7514 alignleft\" src=\"https:\/\/i0.wp.com\/migrantesenigualdad.es\/wp-content\/uploads\/2025\/06\/Foto-7.png?resize=227%2C128&#038;ssl=1\" alt=\"\" width=\"227\" height=\"128\" \/>Ismail, el migrante que lucha por resignificar la palabra \u201cmena\u201d: \u201cNos han deshumanizado\u201d<\/h4>\n<p data-start=\"92\" data-end=\"407\">Texto: Ismail El Majdoubi ha fundado Exmenas, una asociaci\u00f3n que lucha contra el racismo y defiende los derechos de los y las personas menores extranjeras no acompa\u00f1adas. La entidad sostiene que tras el concepto \u201cmena\u201d existe una percepci\u00f3n social que promueve el racismo, el clasismo, la xenofobia y la islamofobia.<\/p>\n<p style=\"text-align: right;\"><a href=\"https:\/\/www.publico.es\/sociedad\/migracion\/ismail-migrante-lucha-resignificar-palabra-mena-han-deshumanizado.html\" target=\"_blank\" rel=\"noopener\">M\u00e1s informaci\u00f3n<\/a><\/p>\n","protected":false},"excerpt":{"rendered":"<p>La Justicia cierra un centro con 43 menores migrantes en Gran Canaria v\u00edctimas de presuntas torturas y delitos de odio El juzgado piloto de violencia contra la infancia y la adolescencia de Las Palmas de Gran Canaria ha acordado el cierre de un centro de atenci\u00f3n a menores no acompa\u00f1ados. Los acusados se enfrentan a [&hellip;]<\/p>\n","protected":false},"author":1,"featured_media":7017,"comment_status":"open","ping_status":"closed","sticky":false,"template":"","format":"standard","meta":{"_et_pb_use_builder":"","_et_pb_old_content":"","_et_gb_content_width":"","_jetpack_newsletter_access":"","_jetpack_dont_email_post_to_subs":false,"_jetpack_newsletter_tier_id":0,"_jetpack_memberships_contains_paywalled_content":false,"_jetpack_feature_clip_id":0,"_jetpack_memberships_contains_paid_content":false,"footnotes":"","jetpack_post_was_ever_published":false},"categories":[264],"tags":[],"class_list":["post-7656","post","type-post","status-publish","format-standard","has-post-thumbnail","hentry","category-boletin-12-26-06-2025"],"jetpack_sharing_enabled":true,"jetpack_featured_media_url":"https:\/\/i0.wp.com\/migrantesenigualdad.es\/wp-content\/uploads\/2024\/06\/old-texture-newspapers-stack-arrangement-scaled.jpg?fit=2560%2C1707&ssl=1","post_mailing_queue_ids":[],"_links":{"self":[{"href":"https:\/\/migrantesenigualdad.es\/index.php\/wp-json\/wp\/v2\/posts\/7656","targetHints":{"allow":["GET"]}}],"collection":[{"href":"https:\/\/migrantesenigualdad.es\/index.php\/wp-json\/wp\/v2\/posts"}],"about":[{"href":"https:\/\/migrantesenigualdad.es\/index.php\/wp-json\/wp\/v2\/types\/post"}],"author":[{"embeddable":true,"href":"https:\/\/migrantesenigualdad.es\/index.php\/wp-json\/wp\/v2\/users\/1"}],"replies":[{"embeddable":true,"href":"https:\/\/migrantesenigualdad.es\/index.php\/wp-json\/wp\/v2\/comments?post=7656"}],"version-history":[{"count":5,"href":"https:\/\/migrantesenigualdad.es\/index.php\/wp-json\/wp\/v2\/posts\/7656\/revisions"}],"predecessor-version":[{"id":7671,"href":"https:\/\/migrantesenigualdad.es\/index.php\/wp-json\/wp\/v2\/posts\/7656\/revisions\/7671"}],"wp:featuredmedia":[{"embeddable":true,"href":"https:\/\/migrantesenigualdad.es\/index.php\/wp-json\/wp\/v2\/media\/7017"}],"wp:attachment":[{"href":"https:\/\/migrantesenigualdad.es\/index.php\/wp-json\/wp\/v2\/media?parent=7656"}],"wp:term":[{"taxonomy":"category","embeddable":true,"href":"https:\/\/migrantesenigualdad.es\/index.php\/wp-json\/wp\/v2\/categories?post=7656"},{"taxonomy":"post_tag","embeddable":true,"href":"https:\/\/migrantesenigualdad.es\/index.php\/wp-json\/wp\/v2\/tags?post=7656"}],"curies":[{"name":"wp","href":"https:\/\/api.w.org\/{rel}","templated":true}]}}