{"id":7654,"date":"2025-06-26T14:10:49","date_gmt":"2025-06-26T12:10:49","guid":{"rendered":"https:\/\/migrantesenigualdad.es\/?p=7654"},"modified":"2025-06-27T09:50:14","modified_gmt":"2025-06-27T07:50:14","slug":"asi-nos-ven-un-desgarrador-relato-de-una-injusticia-que-marco-la-historia","status":"publish","type":"post","link":"https:\/\/migrantesenigualdad.es\/index.php\/2025\/06\/26\/asi-nos-ven-un-desgarrador-relato-de-una-injusticia-que-marco-la-historia\/","title":{"rendered":"As\u00ed nos ven, un desgarrador relato de una injusticia que marc\u00f3 la historia"},"content":{"rendered":"<p>As\u00ed nos ven, dirigida por Ava DuVernay y estrenada en Netflix en 2019, es una miniserie de cuatro episodios que aborda con crudeza y sensibilidad el caso de cinco adolescentes afroamericanos y latinos condenados injustamente por un delito de violaci\u00f3n. La serie expone los fallos del sistema judicial estadounidense y profundiza en el impacto de la injusticia, el racismo y la lucha por la redenci\u00f3n.<\/p>\n<p>La serie cuenta la historia real de cinco chicos, desde su arresto como adolescentes hasta su excarcelaci\u00f3n a\u00f1os despu\u00e9s. Cada episodio se centra en diferentes etapas: la detenci\u00f3n y coerci\u00f3n para obtener confesiones falsas, un juicio repleto de prejuicios raciales, la vida en prisi\u00f3n y, finalmente, su liberaci\u00f3n tras la confesi\u00f3n del verdadero culpable. La serie muestra la vida de las familias, que quedan marcadas por el costo emocional de la tragedia.<\/p>\n<p>Es una producci\u00f3n devastadora y a la vez esperanzadora, pues resalta la resiliencia de los protagonistas y su lucha por la justicia.<\/p>\n<p><a href=\"https:\/\/www.youtube.com\/watch?v=8Z7dCHNKcqc\" target=\"_blank\" rel=\"noopener\">Enlace<\/a><\/p>\n","protected":false},"excerpt":{"rendered":"<p>As\u00ed nos ven, dirigida por Ava DuVernay y estrenada en Netflix en 2019, es una miniserie de cuatro episodios que aborda con crudeza y sensibilidad el caso de cinco adolescentes afroamericanos y latinos condenados injustamente por un delito de violaci\u00f3n. La serie expone los fallos del sistema judicial estadounidense y profundiza en el impacto de [&hellip;]<\/p>\n","protected":false},"author":1,"featured_media":7666,"comment_status":"open","ping_status":"closed","sticky":false,"template":"","format":"standard","meta":{"_et_pb_use_builder":"","_et_pb_old_content":"","_et_gb_content_width":"","_jetpack_newsletter_access":"","_jetpack_dont_email_post_to_subs":false,"_jetpack_newsletter_tier_id":0,"_jetpack_memberships_contains_paywalled_content":false,"_jetpack_feature_clip_id":0,"_jetpack_memberships_contains_paid_content":false,"footnotes":"","jetpack_post_was_ever_published":false},"categories":[264],"tags":[],"class_list":["post-7654","post","type-post","status-publish","format-standard","has-post-thumbnail","hentry","category-boletin-12-26-06-2025"],"jetpack_sharing_enabled":true,"jetpack_featured_media_url":"https:\/\/i0.wp.com\/migrantesenigualdad.es\/wp-content\/uploads\/2025\/06\/Foto-3.jpg?fit=912%2C513&ssl=1","post_mailing_queue_ids":[],"_links":{"self":[{"href":"https:\/\/migrantesenigualdad.es\/index.php\/wp-json\/wp\/v2\/posts\/7654","targetHints":{"allow":["GET"]}}],"collection":[{"href":"https:\/\/migrantesenigualdad.es\/index.php\/wp-json\/wp\/v2\/posts"}],"about":[{"href":"https:\/\/migrantesenigualdad.es\/index.php\/wp-json\/wp\/v2\/types\/post"}],"author":[{"embeddable":true,"href":"https:\/\/migrantesenigualdad.es\/index.php\/wp-json\/wp\/v2\/users\/1"}],"replies":[{"embeddable":true,"href":"https:\/\/migrantesenigualdad.es\/index.php\/wp-json\/wp\/v2\/comments?post=7654"}],"version-history":[{"count":1,"href":"https:\/\/migrantesenigualdad.es\/index.php\/wp-json\/wp\/v2\/posts\/7654\/revisions"}],"predecessor-version":[{"id":7655,"href":"https:\/\/migrantesenigualdad.es\/index.php\/wp-json\/wp\/v2\/posts\/7654\/revisions\/7655"}],"wp:featuredmedia":[{"embeddable":true,"href":"https:\/\/migrantesenigualdad.es\/index.php\/wp-json\/wp\/v2\/media\/7666"}],"wp:attachment":[{"href":"https:\/\/migrantesenigualdad.es\/index.php\/wp-json\/wp\/v2\/media?parent=7654"}],"wp:term":[{"taxonomy":"category","embeddable":true,"href":"https:\/\/migrantesenigualdad.es\/index.php\/wp-json\/wp\/v2\/categories?post=7654"},{"taxonomy":"post_tag","embeddable":true,"href":"https:\/\/migrantesenigualdad.es\/index.php\/wp-json\/wp\/v2\/tags?post=7654"}],"curies":[{"name":"wp","href":"https:\/\/api.w.org\/{rel}","templated":true}]}}