{"id":7652,"date":"2025-06-26T14:20:31","date_gmt":"2025-06-26T12:20:31","guid":{"rendered":"https:\/\/migrantesenigualdad.es\/?p=7652"},"modified":"2025-06-27T09:50:25","modified_gmt":"2025-06-27T07:50:25","slug":"el-sistema-faro-un-clave-contra-el-discurso-de-odio-racista-y-xenofobo-en-redes","status":"publish","type":"post","link":"https:\/\/migrantesenigualdad.es\/index.php\/2025\/06\/26\/el-sistema-faro-un-clave-contra-el-discurso-de-odio-racista-y-xenofobo-en-redes\/","title":{"rendered":"El sistema Faro, un clave contra el discurso de odio racista y xen\u00f3fobo en redes"},"content":{"rendered":"<p>El Ministerio de Inclusi\u00f3n, Seguridad Social y Migraciones, con el Observatorio Espa\u00f1ol de Racismo y Xenofobia (Oberaxe), lanz\u00f3 el pasado 11 de marzo el sistema Faro, una aplicaci\u00f3n inform\u00e1tica innovadora que permite la identificaci\u00f3n y el an\u00e1lisis de los contenidos de discurso de odio con motivaci\u00f3n racista, xen\u00f3foba, islam\u00f3foba, antisemita y anti gitana en las redes sociales m\u00e1s utilizadas.<\/p>\n<p>El sistema combina varias herramientas inform\u00e1ticas que permiten no solo identifi-car mensajes de odio, sino tambi\u00e9n analizar su contenido, informar a las plataformas digitales y evaluar la respuesta de \u00e9stas ante los contenidos denunciados.<\/p>\n<p>El proceso de an\u00e1lisis de los mensajes detectados incluye una doble revisi\u00f3n: por una parte, un filtro automatizado, que est\u00e1 basado fundamentalmente en el an\u00e1lisis tex-tual utilizando la inteligencia artificial y, despu\u00e9s, una revisi\u00f3n manual realizada por el equipo del Oberaxe. Esta combinaci\u00f3n asegura una mayor precisi\u00f3n y permite en-trenar al sistema para adaptarse a las nuevas formas de discurso de odio.<\/p>\n<p>El sistema Faro tambi\u00e9n destaca por su publicaci\u00f3n de los resultados. Los datos re-cogidos los muestran a trav\u00e9s de un visualizador en la web de Oberaxe, en el que se pueden ver los resultados obtenidos acumulados desde el 1 de enero de 2025 y en tiempo real, y en boletines mensuales, trimestrales y anuales, que permiten hacer seguimiento detallado de la evoluci\u00f3n del discurso de odio en Espa\u00f1a. Te recomen-damos que pinches en el siguiente enlace para conocer los datos obtenidos en los \u00faltimos 30 d\u00edas.<\/p>\n<p><a href=\"https:\/\/www.inclusion.gob.es\/web\/oberaxe\/discurso-de-odio\" target=\"_blank\" rel=\"noopener\">Enlace<\/a><\/p>\n","protected":false},"excerpt":{"rendered":"<p>El Ministerio de Inclusi\u00f3n, Seguridad Social y Migraciones, con el Observatorio Espa\u00f1ol de Racismo y Xenofobia (Oberaxe), lanz\u00f3 el pasado 11 de marzo el sistema Faro, una aplicaci\u00f3n inform\u00e1tica innovadora que permite la identificaci\u00f3n y el an\u00e1lisis de los contenidos de discurso de odio con motivaci\u00f3n racista, xen\u00f3foba, islam\u00f3foba, antisemita y anti gitana en las [&hellip;]<\/p>\n","protected":false},"author":1,"featured_media":7668,"comment_status":"open","ping_status":"closed","sticky":false,"template":"","format":"standard","meta":{"_et_pb_use_builder":"","_et_pb_old_content":"","_et_gb_content_width":"","_jetpack_newsletter_access":"","_jetpack_dont_email_post_to_subs":false,"_jetpack_newsletter_tier_id":0,"_jetpack_memberships_contains_paywalled_content":false,"_jetpack_feature_clip_id":0,"_jetpack_memberships_contains_paid_content":false,"footnotes":"","jetpack_post_was_ever_published":false},"categories":[264],"tags":[],"class_list":["post-7652","post","type-post","status-publish","format-standard","has-post-thumbnail","hentry","category-boletin-12-26-06-2025"],"jetpack_sharing_enabled":true,"jetpack_featured_media_url":"https:\/\/i0.wp.com\/migrantesenigualdad.es\/wp-content\/uploads\/2025\/06\/Foto-2.jpg?fit=2000%2C1125&ssl=1","post_mailing_queue_ids":[],"_links":{"self":[{"href":"https:\/\/migrantesenigualdad.es\/index.php\/wp-json\/wp\/v2\/posts\/7652","targetHints":{"allow":["GET"]}}],"collection":[{"href":"https:\/\/migrantesenigualdad.es\/index.php\/wp-json\/wp\/v2\/posts"}],"about":[{"href":"https:\/\/migrantesenigualdad.es\/index.php\/wp-json\/wp\/v2\/types\/post"}],"author":[{"embeddable":true,"href":"https:\/\/migrantesenigualdad.es\/index.php\/wp-json\/wp\/v2\/users\/1"}],"replies":[{"embeddable":true,"href":"https:\/\/migrantesenigualdad.es\/index.php\/wp-json\/wp\/v2\/comments?post=7652"}],"version-history":[{"count":1,"href":"https:\/\/migrantesenigualdad.es\/index.php\/wp-json\/wp\/v2\/posts\/7652\/revisions"}],"predecessor-version":[{"id":7653,"href":"https:\/\/migrantesenigualdad.es\/index.php\/wp-json\/wp\/v2\/posts\/7652\/revisions\/7653"}],"wp:featuredmedia":[{"embeddable":true,"href":"https:\/\/migrantesenigualdad.es\/index.php\/wp-json\/wp\/v2\/media\/7668"}],"wp:attachment":[{"href":"https:\/\/migrantesenigualdad.es\/index.php\/wp-json\/wp\/v2\/media?parent=7652"}],"wp:term":[{"taxonomy":"category","embeddable":true,"href":"https:\/\/migrantesenigualdad.es\/index.php\/wp-json\/wp\/v2\/categories?post=7652"},{"taxonomy":"post_tag","embeddable":true,"href":"https:\/\/migrantesenigualdad.es\/index.php\/wp-json\/wp\/v2\/tags?post=7652"}],"curies":[{"name":"wp","href":"https:\/\/api.w.org\/{rel}","templated":true}]}}