{"id":7650,"date":"2025-06-26T14:37:08","date_gmt":"2025-06-26T12:37:08","guid":{"rendered":"https:\/\/migrantesenigualdad.es\/?p=7650"},"modified":"2025-06-27T09:21:10","modified_gmt":"2025-06-27T07:21:10","slug":"migrantes-en-igualdad-explica-los-beneficios-de-la-reforma-del-reglamento-de-extranjeria-que-entro-en-vigor-el-20-de-mayo","status":"publish","type":"post","link":"https:\/\/migrantesenigualdad.es\/index.php\/2025\/06\/26\/migrantes-en-igualdad-explica-los-beneficios-de-la-reforma-del-reglamento-de-extranjeria-que-entro-en-vigor-el-20-de-mayo\/","title":{"rendered":"Migrantes en igualdad explica los beneficios de la reforma del reglamento de extranjer\u00eda que entr\u00f3 en vigor el 20 de mayo"},"content":{"rendered":"<p>El equipo de Migrantes en igualdad celebr\u00f3 un encuentro con las entidades adheridas a la Red de detecci\u00f3n y seguimiento de incidentes y delitos de odio. Veinticinco entidades del \u00e1mbito social en el Campo de Gibraltar asistieron a la reuni\u00f3n online celebrada el pasado 5 de junio.<\/p>\n<p>Nieves Garc\u00eda, asesora jur\u00eddica del proyecto Migrantes en igualdad, explic\u00f3 las novedades de la reforma del reglamento de extranjer\u00eda aprobada el 20 de mayo pasado. Garc\u00eda detall\u00f3 los diferentes tipos de permisos de residencia que con ella entran en vigor y la manera en que esto perjudica o beneficia a las v\u00edctimas de delitos de odio por motivaci\u00f3n racista o xen\u00f3foba.<\/p>\n<p>La reforma del reglamento de extranjer\u00eda facilita la regularizaci\u00f3n de las personas migrantes, promueve su integraci\u00f3n laboral y mejora la protecci\u00f3n a las v\u00edctimas de cualquier tipo de violencia, incluidas las v\u00edctimas de delitos de odio. La principal novedad en la reforma de esta ley es la reducci\u00f3n del tiempo que una persona extranjera debe pasar en Espa\u00f1a en situaci\u00f3n irregular para acceder a la regularizaci\u00f3n por arraigo. Tambi\u00e9n el arraigo de segunda oportunidad es otra novedad que permite regularizar a las personas extranjeras que han tenido una autorizaci\u00f3n previa y por alguna raz\u00f3n no han podido renovarla.<\/p>\n<p>Este reglamento tambi\u00e9n genera ciertas cr\u00edticas por sus limitaciones. Las entidades del tercer sector que atendemos a poblaci\u00f3n de origen migrante vemos con preocupaci\u00f3n la posibilidad de que se desincentive la solicitud de asilo y se fomente la inseguridad jur\u00eddica. La denegaci\u00f3n de la solicitud de asilo supondr\u00e1 no solo la p\u00e9rdida de esta autorizaci\u00f3n, sino que las personas tendr\u00e1n que permanecer dos a\u00f1os m\u00e1s en situaci\u00f3n irregular para poder solicitar los permisos por arraigo sin que se les reconozca el tiempo de residencia previo.<\/p>\n<p>La presentaci\u00f3n telem\u00e1tica de los expedientes queda consolidada en esta reforma para facilitar los tr\u00e1mites a las personas solicitantes, pero es una dificultad para las personas en situaci\u00f3n irregular dado que no disponen de firma electr\u00f3nica.<\/p>\n<p>Si quieres unirte a nuestra Red de detecci\u00f3n y seguimiento de incidentes y delitos de odio, puedes hacerlo escribi\u00e9ndonos un correo electr\u00f3nico a migrantesenigualdad@fmyv.org, o a trav\u00e9s de nuestra web y redes sociales. Es responsabilidad de todas y todos hacer frente a la propagaci\u00f3n de los discursos y delitos de odio.<\/p>\n","protected":false},"excerpt":{"rendered":"<p>El equipo de Migrantes en igualdad celebr\u00f3 un encuentro con las entidades adheridas a la Red de detecci\u00f3n y seguimiento de incidentes y delitos de odio. Veinticinco entidades del \u00e1mbito social en el Campo de Gibraltar asistieron a la reuni\u00f3n online celebrada el pasado 5 de junio. Nieves Garc\u00eda, asesora jur\u00eddica del proyecto Migrantes en [&hellip;]<\/p>\n","protected":false},"author":1,"featured_media":7667,"comment_status":"open","ping_status":"closed","sticky":false,"template":"","format":"standard","meta":{"_et_pb_use_builder":"","_et_pb_old_content":"","_et_gb_content_width":"","_jetpack_newsletter_access":"","_jetpack_dont_email_post_to_subs":false,"_jetpack_newsletter_tier_id":0,"_jetpack_memberships_contains_paywalled_content":false,"_jetpack_feature_clip_id":0,"_jetpack_memberships_contains_paid_content":false,"footnotes":"","jetpack_post_was_ever_published":false},"categories":[264],"tags":[],"class_list":["post-7650","post","type-post","status-publish","format-standard","has-post-thumbnail","hentry","category-boletin-12-26-06-2025"],"jetpack_sharing_enabled":true,"jetpack_featured_media_url":"https:\/\/i0.wp.com\/migrantesenigualdad.es\/wp-content\/uploads\/2025\/06\/Foto-1-scaled.jpg?fit=1811%2C2560&ssl=1","post_mailing_queue_ids":[],"_links":{"self":[{"href":"https:\/\/migrantesenigualdad.es\/index.php\/wp-json\/wp\/v2\/posts\/7650","targetHints":{"allow":["GET"]}}],"collection":[{"href":"https:\/\/migrantesenigualdad.es\/index.php\/wp-json\/wp\/v2\/posts"}],"about":[{"href":"https:\/\/migrantesenigualdad.es\/index.php\/wp-json\/wp\/v2\/types\/post"}],"author":[{"embeddable":true,"href":"https:\/\/migrantesenigualdad.es\/index.php\/wp-json\/wp\/v2\/users\/1"}],"replies":[{"embeddable":true,"href":"https:\/\/migrantesenigualdad.es\/index.php\/wp-json\/wp\/v2\/comments?post=7650"}],"version-history":[{"count":1,"href":"https:\/\/migrantesenigualdad.es\/index.php\/wp-json\/wp\/v2\/posts\/7650\/revisions"}],"predecessor-version":[{"id":7651,"href":"https:\/\/migrantesenigualdad.es\/index.php\/wp-json\/wp\/v2\/posts\/7650\/revisions\/7651"}],"wp:featuredmedia":[{"embeddable":true,"href":"https:\/\/migrantesenigualdad.es\/index.php\/wp-json\/wp\/v2\/media\/7667"}],"wp:attachment":[{"href":"https:\/\/migrantesenigualdad.es\/index.php\/wp-json\/wp\/v2\/media?parent=7650"}],"wp:term":[{"taxonomy":"category","embeddable":true,"href":"https:\/\/migrantesenigualdad.es\/index.php\/wp-json\/wp\/v2\/categories?post=7650"},{"taxonomy":"post_tag","embeddable":true,"href":"https:\/\/migrantesenigualdad.es\/index.php\/wp-json\/wp\/v2\/tags?post=7650"}],"curies":[{"name":"wp","href":"https:\/\/api.w.org\/{rel}","templated":true}]}}