{"id":7529,"date":"2025-05-12T13:08:13","date_gmt":"2025-05-12T11:08:13","guid":{"rendered":"https:\/\/migrantesenigualdad.es\/?p=7529"},"modified":"2025-06-02T13:26:17","modified_gmt":"2025-06-02T11:26:17","slug":"migrantes-en-igualdad-asiste-al-encuentro-de-expertos-para-desarrollar-estrategias-contra-la-islamofobia-y-el-antisemitismo","status":"publish","type":"post","link":"https:\/\/migrantesenigualdad.es\/index.php\/2025\/05\/12\/migrantes-en-igualdad-asiste-al-encuentro-de-expertos-para-desarrollar-estrategias-contra-la-islamofobia-y-el-antisemitismo\/","title":{"rendered":"Migrantes en Igualdad asiste al encuentro de expertos para desarrollar estrategias contra la islamofobia y el antisemitismo"},"content":{"rendered":"<p data-start=\"97\" data-end=\"379\">El equipo de Migrantes en Igualdad asisti\u00f3 el pasado 9 de abril a un encuentro organizado en Granada por la Fundaci\u00f3n Euro\u00e1rabe. El objetivo del evento era abordar la creciente preocupaci\u00f3n por la islamofobia y el antisemitismo en un contexto de polarizaci\u00f3n social a nivel mundial.<\/p>\n<p data-start=\"381\" data-end=\"777\">Expertos de diversas nacionalidades y creencias religiosas debatieron las similitudes y diferencias entre estas formas de racismo, su uso pol\u00edtico y planes de acci\u00f3n de cara a la b\u00fasqueda de soluciones. El evento culmin\u00f3 con una sesi\u00f3n de puertas abiertas, que puso \u00e9nfasis en la necesidad de unidad entre las comunidades jud\u00eda y musulmana para construir sociedades igualitarias y libres de odio.<\/p>\n<p data-start=\"779\" data-end=\"1302\">Todos los expertos hicieron menci\u00f3n al 7 de octubre de 2023, fecha en la que se inici\u00f3 la guerra de Gaza. Los ponentes compartieron la idea de que esta fecha se considera un punto de inflexi\u00f3n que ha exacerbado la polarizaci\u00f3n y ha hecho m\u00e1s urgente la necesidad de estrategias efectivas para combatir el racismo y la desinformaci\u00f3n. Durante toda la jornada destac\u00f3 la importancia de colaboraci\u00f3n entre las comunidades musulmana y jud\u00eda como un trabajo fundamental para construir sociedades libres de odio y discriminaci\u00f3n.<\/p>\n<p data-start=\"1304\" data-end=\"1813\">Este encuentro est\u00e1 enmarcado en un convenio firmado recientemente entre la Fundaci\u00f3n Euro\u00e1rabe y la fundaci\u00f3n catar\u00ed New Ground Research, con el objetivo de promover actividades acad\u00e9micas y de investigaci\u00f3n. Los participantes tambi\u00e9n se\u00f1alaron el impacto cultural y pol\u00edtico de la islamofobia y el antisemitismo, as\u00ed como el uso de teor\u00edas de conspiraci\u00f3n para dividir a la sociedad. Como soluci\u00f3n principal, se propuso la colaboraci\u00f3n entre ambas comunidades para combatir estereotipos y discursos de odio.<\/p>\n<p data-start=\"1815\" data-end=\"2034\">Eventos, como el celebrado en Granada, suponen un paso significativo hacia la creaci\u00f3n de un futuro m\u00e1s inclusivo y respetuoso, donde se proponen ideas para combatir los estereotipos y se fomente el entendimiento mutuo.<\/p>\n<p><a href=\"https:\/\/fundea.org\/expertos-internacionales-buscan-estrategias-conjuntas-contra-la-islamofobia-y-el-antisemitismo\/\" target=\"_blank\" rel=\"noopener\">Ir a la noticia<\/a><\/p>\n","protected":false},"excerpt":{"rendered":"<p>El equipo de Migrantes en Igualdad asisti\u00f3 el pasado 9 de abril a un encuentro organizado en Granada por la Fundaci\u00f3n Euro\u00e1rabe. El objetivo del evento era abordar la creciente preocupaci\u00f3n por la islamofobia y el antisemitismo en un contexto de polarizaci\u00f3n social a nivel mundial. Expertos de diversas nacionalidades y creencias religiosas debatieron las [&hellip;]<\/p>\n","protected":false},"author":1,"featured_media":7525,"comment_status":"open","ping_status":"closed","sticky":false,"template":"","format":"standard","meta":{"_et_pb_use_builder":"","_et_pb_old_content":"","_et_gb_content_width":"","_jetpack_newsletter_access":"","_jetpack_dont_email_post_to_subs":false,"_jetpack_newsletter_tier_id":0,"_jetpack_memberships_contains_paywalled_content":false,"_jetpack_feature_clip_id":0,"_jetpack_memberships_contains_paid_content":false,"footnotes":"","jetpack_post_was_ever_published":false},"categories":[263],"tags":[],"class_list":["post-7529","post","type-post","status-publish","format-standard","has-post-thumbnail","hentry","category-boletin-11-15-05-2025"],"jetpack_sharing_enabled":true,"jetpack_featured_media_url":"https:\/\/i0.wp.com\/migrantesenigualdad.es\/wp-content\/uploads\/2025\/05\/Foto-1.-Boletin-11.jpg?fit=1536%2C1152&ssl=1","post_mailing_queue_ids":[],"_links":{"self":[{"href":"https:\/\/migrantesenigualdad.es\/index.php\/wp-json\/wp\/v2\/posts\/7529","targetHints":{"allow":["GET"]}}],"collection":[{"href":"https:\/\/migrantesenigualdad.es\/index.php\/wp-json\/wp\/v2\/posts"}],"about":[{"href":"https:\/\/migrantesenigualdad.es\/index.php\/wp-json\/wp\/v2\/types\/post"}],"author":[{"embeddable":true,"href":"https:\/\/migrantesenigualdad.es\/index.php\/wp-json\/wp\/v2\/users\/1"}],"replies":[{"embeddable":true,"href":"https:\/\/migrantesenigualdad.es\/index.php\/wp-json\/wp\/v2\/comments?post=7529"}],"version-history":[{"count":9,"href":"https:\/\/migrantesenigualdad.es\/index.php\/wp-json\/wp\/v2\/posts\/7529\/revisions"}],"predecessor-version":[{"id":7582,"href":"https:\/\/migrantesenigualdad.es\/index.php\/wp-json\/wp\/v2\/posts\/7529\/revisions\/7582"}],"wp:featuredmedia":[{"embeddable":true,"href":"https:\/\/migrantesenigualdad.es\/index.php\/wp-json\/wp\/v2\/media\/7525"}],"wp:attachment":[{"href":"https:\/\/migrantesenigualdad.es\/index.php\/wp-json\/wp\/v2\/media?parent=7529"}],"wp:term":[{"taxonomy":"category","embeddable":true,"href":"https:\/\/migrantesenigualdad.es\/index.php\/wp-json\/wp\/v2\/categories?post=7529"},{"taxonomy":"post_tag","embeddable":true,"href":"https:\/\/migrantesenigualdad.es\/index.php\/wp-json\/wp\/v2\/tags?post=7529"}],"curies":[{"name":"wp","href":"https:\/\/api.w.org\/{rel}","templated":true}]}}