{"id":7523,"date":"2025-05-12T11:43:03","date_gmt":"2025-05-12T09:43:03","guid":{"rendered":"https:\/\/migrantesenigualdad.es\/?p=7523"},"modified":"2025-06-02T13:27:49","modified_gmt":"2025-06-02T11:27:49","slug":"te-recomendamos-que-escuches-social-mind-un-podcast-para-abordar-temas-actuales-de-la-sociedad-moderna","status":"publish","type":"post","link":"https:\/\/migrantesenigualdad.es\/index.php\/2025\/05\/12\/te-recomendamos-que-escuches-social-mind-un-podcast-para-abordar-temas-actuales-de-la-sociedad-moderna\/","title":{"rendered":"Te recomendamos que escuches Social Mind, un podcast para abordar temas actuales de la sociedad moderna"},"content":{"rendered":"<p data-start=\"128\" data-end=\"561\">Javier de Diego, soci\u00f3logo y compa\u00f1ero de la Fundaci\u00f3n M\u00e1rgenes y V\u00ednculos, relata y divulga en su podcast, <em data-start=\"244\" data-end=\"257\">Social Mind<\/em>, temas sociales que afectan a la sociedad moderna, aquellas que consideramos desarrolladas. En dos de sus cap\u00edtulos habla sobre la inmigraci\u00f3n y c\u00f3mo afecta socialmente a la poblaci\u00f3n en general; tambi\u00e9n nos hace un an\u00e1lisis del rol que desempe\u00f1a la mujer migrante en el panorama laboral actual.<\/p>\n<p data-start=\"563\" data-end=\"1177\">Bas\u00e1ndose en datos del Instituto Nacional de Estad\u00edstica, se profundiza en un an\u00e1lisis sobre la situaci\u00f3n actual de la inmigraci\u00f3n en Espa\u00f1a. Debido al envejecimiento de la poblaci\u00f3n del pa\u00eds, si queremos mantener el actual sistema de Seguridad Social, para 2037 necesitaremos casi el doble de personas migrantes. Un hecho evidente que desmonta el discurso habitual de ciertas tendencias pol\u00edticas que aseguran que las personas migrantes \u201cvienen a robarnos el trabajo\u201d. Esta percepci\u00f3n debe modificarse y empezar a enfocarse como una necesidad para sustentar el futuro sistema de pensiones.<\/p>\n<p data-start=\"1179\" data-end=\"1522\">Un elevado porcentaje de las mujeres que emigran a Espa\u00f1a cuentan con estudios superiores o universitarios y, a pesar de ello, se ven obligadas a aceptar trabajos de baja cualificaci\u00f3n, principalmente relacionados con el cuidado de personas dependientes, en muchas ocasiones con condiciones precarias y sin regularizar. Las trabas burocr\u00e1ticas para homologar titulaciones, las dificultades para obtener permisos de trabajo y, en algunos casos, la barrera idiom\u00e1tica, son algunos de los fen\u00f3menos que dificultan el acceso a un trabajo en condiciones laborales amparadas por la ley. La conclusi\u00f3n planteada en este cap\u00edtulo del podcast es que, si eres mujer y migrante, la situaci\u00f3n se agrava.<\/p>\n<p><a href=\"https:\/\/go.ivoox.com\/rf\/122212251\" target=\"_blank\" rel=\"noopener\">Enlace 1<\/a><\/p>\n<div data-ogsc=\"rgb(0, 0, 0)\"><a href=\"https:\/\/go.ivoox.com\/rf\/104079347\" target=\"_blank\" rel=\"noopener\">Enlace 2<\/a><\/div>\n","protected":false},"excerpt":{"rendered":"<p>Javier de Diego, soci\u00f3logo y compa\u00f1ero de la Fundaci\u00f3n M\u00e1rgenes y V\u00ednculos, relata y divulga en su podcast, Social Mind, temas sociales que afectan a la sociedad moderna, aquellas que consideramos desarrolladas. En dos de sus cap\u00edtulos habla sobre la inmigraci\u00f3n y c\u00f3mo afecta socialmente a la poblaci\u00f3n en general; tambi\u00e9n nos hace un an\u00e1lisis [&hellip;]<\/p>\n","protected":false},"author":1,"featured_media":7232,"comment_status":"open","ping_status":"closed","sticky":false,"template":"","format":"standard","meta":{"_et_pb_use_builder":"","_et_pb_old_content":"","_et_gb_content_width":"","_jetpack_newsletter_access":"","_jetpack_dont_email_post_to_subs":false,"_jetpack_newsletter_tier_id":0,"_jetpack_memberships_contains_paywalled_content":false,"_jetpack_feature_clip_id":0,"_jetpack_memberships_contains_paid_content":false,"footnotes":"","jetpack_post_was_ever_published":false},"categories":[263],"tags":[],"class_list":["post-7523","post","type-post","status-publish","format-standard","has-post-thumbnail","hentry","category-boletin-11-15-05-2025"],"jetpack_sharing_enabled":true,"jetpack_featured_media_url":"https:\/\/i0.wp.com\/migrantesenigualdad.es\/wp-content\/uploads\/2024\/09\/Captura-de-pantalla-2024-09-30-133117.png?fit=1080%2C528&ssl=1","post_mailing_queue_ids":[],"_links":{"self":[{"href":"https:\/\/migrantesenigualdad.es\/index.php\/wp-json\/wp\/v2\/posts\/7523","targetHints":{"allow":["GET"]}}],"collection":[{"href":"https:\/\/migrantesenigualdad.es\/index.php\/wp-json\/wp\/v2\/posts"}],"about":[{"href":"https:\/\/migrantesenigualdad.es\/index.php\/wp-json\/wp\/v2\/types\/post"}],"author":[{"embeddable":true,"href":"https:\/\/migrantesenigualdad.es\/index.php\/wp-json\/wp\/v2\/users\/1"}],"replies":[{"embeddable":true,"href":"https:\/\/migrantesenigualdad.es\/index.php\/wp-json\/wp\/v2\/comments?post=7523"}],"version-history":[{"count":13,"href":"https:\/\/migrantesenigualdad.es\/index.php\/wp-json\/wp\/v2\/posts\/7523\/revisions"}],"predecessor-version":[{"id":7583,"href":"https:\/\/migrantesenigualdad.es\/index.php\/wp-json\/wp\/v2\/posts\/7523\/revisions\/7583"}],"wp:featuredmedia":[{"embeddable":true,"href":"https:\/\/migrantesenigualdad.es\/index.php\/wp-json\/wp\/v2\/media\/7232"}],"wp:attachment":[{"href":"https:\/\/migrantesenigualdad.es\/index.php\/wp-json\/wp\/v2\/media?parent=7523"}],"wp:term":[{"taxonomy":"category","embeddable":true,"href":"https:\/\/migrantesenigualdad.es\/index.php\/wp-json\/wp\/v2\/categories?post=7523"},{"taxonomy":"post_tag","embeddable":true,"href":"https:\/\/migrantesenigualdad.es\/index.php\/wp-json\/wp\/v2\/tags?post=7523"}],"curies":[{"name":"wp","href":"https:\/\/api.w.org\/{rel}","templated":true}]}}