{"id":7520,"date":"2025-05-12T11:37:46","date_gmt":"2025-05-12T09:37:46","guid":{"rendered":"https:\/\/migrantesenigualdad.es\/?p=7520"},"modified":"2025-06-02T13:32:50","modified_gmt":"2025-06-02T11:32:50","slug":"el-alumnado-dispone-de-una-nueva-herramienta-contra-el-odio-en-las-redes-sociales","status":"publish","type":"post","link":"https:\/\/migrantesenigualdad.es\/index.php\/2025\/05\/12\/el-alumnado-dispone-de-una-nueva-herramienta-contra-el-odio-en-las-redes-sociales\/","title":{"rendered":"El alumnado dispone de una nueva herramienta contra el odio en las redes sociales."},"content":{"rendered":"<div data-ogsc=\"black\">\n<article class=\"text-token-text-primary w-full\" dir=\"auto\" data-testid=\"conversation-turn-6\" data-scroll-anchor=\"true\">\n<div class=\"text-base my-auto mx-auto py-5 [--thread-content-margin:--spacing(4)] @[37rem]:[--thread-content-margin:--spacing(6)] @[72rem]:[--thread-content-margin:--spacing(16)] px-(--thread-content-margin)\">\n<div class=\"[--thread-content-max-width:32rem] @[34rem]:[--thread-content-max-width:40rem] @[64rem]:[--thread-content-max-width:48rem] mx-auto flex max-w-(--thread-content-max-width) flex-1 text-base gap-4 md:gap-5 lg:gap-6 group\/turn-messages focus-visible:outline-hidden\" tabindex=\"-1\">\n<div class=\"group\/conversation-turn relative flex w-full min-w-0 flex-col agent-turn\">\n<div class=\"relative flex-col gap-1 md:gap-3\">\n<div class=\"flex max-w-full flex-col grow\">\n<div class=\"min-h-8 text-message relative flex w-full flex-col items-end gap-2 text-start break-words whitespace-normal [.text-message+&amp;]:mt-5\" dir=\"auto\" data-message-author-role=\"assistant\" data-message-id=\"aa5ed3e3-5c93-4687-9209-08020bd06680\" data-message-model-slug=\"gpt-4o\">\n<div class=\"flex w-full flex-col gap-1 empty:hidden first:pt-[3px]\">\n<div class=\"markdown prose dark:prose-invert w-full break-words dark\">\n<p data-start=\"95\" data-end=\"333\">Esta herramienta ha sido elaborada por la Asociaci\u00f3n Comisi\u00f3n Cat\u00f3lica Espa\u00f1ola de Migraciones. Este documento forma parte de un proyecto de sensibilizaci\u00f3n contra el racismo, la xenofobia y otras formas de intolerancia asociadas.<\/p>\n<p data-start=\"335\" data-end=\"774\">Este recurso est\u00e1 elaborado sobre la base del diagn\u00f3stico #(Des)conectad@s, un estudio acerca de la relaci\u00f3n de la adolescencia con los discursos de odio en el entorno digital. La herramienta sirve de apoyo y orientaci\u00f3n a padres y profesionales sobre c\u00f3mo prevenir y abordar estos discursos con los\/as adolescentes, tanto dentro como fuera del entorno educativo, y fomentar la igualdad de trato y la no discriminaci\u00f3n.<\/p>\n<p><a href=\"https:\/\/migrantesenigualdad.es\/wp-content\/uploads\/2025\/05\/ENLACE-DE-LA-DE-PUBLICACION-3.pdf\" target=\"_blank\" rel=\"noopener\">Enlace<\/a><\/p>\n<\/div>\n<\/div>\n<\/div>\n<\/div>\n<\/div>\n<\/div>\n<\/div>\n<\/div>\n<\/article>\n<\/div>\n","protected":false},"excerpt":{"rendered":"<p>Esta herramienta ha sido elaborada por la Asociaci\u00f3n Comisi\u00f3n Cat\u00f3lica Espa\u00f1ola de Migraciones. Este documento forma parte de un proyecto de sensibilizaci\u00f3n contra el racismo, la xenofobia y otras formas de intolerancia asociadas. Este recurso est\u00e1 elaborado sobre la base del diagn\u00f3stico #(Des)conectad@s, un estudio acerca de la relaci\u00f3n de la adolescencia con los discursos [&hellip;]<\/p>\n","protected":false},"author":1,"featured_media":7537,"comment_status":"open","ping_status":"closed","sticky":false,"template":"","format":"standard","meta":{"_et_pb_use_builder":"","_et_pb_old_content":"","_et_gb_content_width":"","_jetpack_newsletter_access":"","_jetpack_dont_email_post_to_subs":false,"_jetpack_newsletter_tier_id":0,"_jetpack_memberships_contains_paywalled_content":false,"_jetpack_feature_clip_id":0,"_jetpack_memberships_contains_paid_content":false,"footnotes":"","jetpack_post_was_ever_published":false},"categories":[263],"tags":[],"class_list":["post-7520","post","type-post","status-publish","format-standard","has-post-thumbnail","hentry","category-boletin-11-15-05-2025"],"jetpack_sharing_enabled":true,"jetpack_featured_media_url":"https:\/\/i0.wp.com\/migrantesenigualdad.es\/wp-content\/uploads\/2025\/05\/Captura-de-pantalla-2025-05-19-113204.png?fit=711%2C715&ssl=1","post_mailing_queue_ids":[],"_links":{"self":[{"href":"https:\/\/migrantesenigualdad.es\/index.php\/wp-json\/wp\/v2\/posts\/7520","targetHints":{"allow":["GET"]}}],"collection":[{"href":"https:\/\/migrantesenigualdad.es\/index.php\/wp-json\/wp\/v2\/posts"}],"about":[{"href":"https:\/\/migrantesenigualdad.es\/index.php\/wp-json\/wp\/v2\/types\/post"}],"author":[{"embeddable":true,"href":"https:\/\/migrantesenigualdad.es\/index.php\/wp-json\/wp\/v2\/users\/1"}],"replies":[{"embeddable":true,"href":"https:\/\/migrantesenigualdad.es\/index.php\/wp-json\/wp\/v2\/comments?post=7520"}],"version-history":[{"count":7,"href":"https:\/\/migrantesenigualdad.es\/index.php\/wp-json\/wp\/v2\/posts\/7520\/revisions"}],"predecessor-version":[{"id":7584,"href":"https:\/\/migrantesenigualdad.es\/index.php\/wp-json\/wp\/v2\/posts\/7520\/revisions\/7584"}],"wp:featuredmedia":[{"embeddable":true,"href":"https:\/\/migrantesenigualdad.es\/index.php\/wp-json\/wp\/v2\/media\/7537"}],"wp:attachment":[{"href":"https:\/\/migrantesenigualdad.es\/index.php\/wp-json\/wp\/v2\/media?parent=7520"}],"wp:term":[{"taxonomy":"category","embeddable":true,"href":"https:\/\/migrantesenigualdad.es\/index.php\/wp-json\/wp\/v2\/categories?post=7520"},{"taxonomy":"post_tag","embeddable":true,"href":"https:\/\/migrantesenigualdad.es\/index.php\/wp-json\/wp\/v2\/tags?post=7520"}],"curies":[{"name":"wp","href":"https:\/\/api.w.org\/{rel}","templated":true}]}}