{"id":7518,"date":"2025-05-12T11:34:15","date_gmt":"2025-05-12T09:34:15","guid":{"rendered":"https:\/\/migrantesenigualdad.es\/?p=7518"},"modified":"2025-05-30T11:13:43","modified_gmt":"2025-05-30T09:13:43","slug":"noticias-breves-8","status":"publish","type":"post","link":"https:\/\/migrantesenigualdad.es\/index.php\/2025\/05\/12\/noticias-breves-8\/","title":{"rendered":"Noticias breves"},"content":{"rendered":"<h4><img data-recalc-dims=\"1\" loading=\"lazy\" decoding=\"async\" class=\" wp-image-7526 alignleft\" src=\"https:\/\/i0.wp.com\/migrantesenigualdad.es\/wp-content\/uploads\/2025\/05\/Foto-noticia-1.-Boletin-11.jpeg?resize=227%2C128&#038;ssl=1\" alt=\"\" width=\"227\" height=\"128\" \/><\/h4>\n<h4>Denuncian una agresi\u00f3n racista de la Polic\u00eda Nacional contra un joven en Madrid.<\/h4>\n<p data-start=\"86\" data-end=\"251\">La plataforma Es Racismo denuncia una agresi\u00f3n racista: la Polic\u00eda Nacional atac\u00f3 a un joven afrodescendiente tras ser reducido sin motivo aparente. La misma plataforma, junto con los testigos que presenciaron los hechos, describen la actuaci\u00f3n como desproporcionada y profundamente racista.<\/p>\n<p style=\"text-align: right;\"><a href=\"https:\/\/www.publico.es\/sociedad\/denuncian-agresion-racista-policia-nacional-joven-madrid.html\" target=\"_blank\" rel=\"noopener\">M\u00e1s informaci\u00f3n<\/a><\/p>\n<hr \/>\n<h4><img data-recalc-dims=\"1\" loading=\"lazy\" decoding=\"async\" class=\" wp-image-7524 alignleft\" src=\"https:\/\/i0.wp.com\/migrantesenigualdad.es\/wp-content\/uploads\/2025\/05\/Foto-noticia-2.-Boletin-11.png?resize=220%2C124&#038;ssl=1\" alt=\"\" width=\"220\" height=\"124\" \/>\u00bfEspa\u00f1a no es racista?<\/h4>\n<p data-start=\"107\" data-end=\"263\">La periodista Marta Nebot hace una reflexi\u00f3n sobre el concepto de la palabra \u00abgitano\u00bb, un colectivo hist\u00f3ricamente muy castigado por el racismo. La publicaci\u00f3n coincide con el 600 aniversario de la presencia gitana en la Pen\u00ednsula Ib\u00e9rica. El Consejo de Ministros aprob\u00f3 el a\u00f1o 2025 como el A\u00f1o del Pueblo Gitano.<\/p>\n<p style=\"text-align: right;\"><a href=\"https:\/\/www.publico.es\/opinion\/espana-racista.html\" target=\"_blank\" rel=\"noopener\">M\u00e1s informaci\u00f3n<\/a><\/p>\n<hr \/>\n<p><img data-recalc-dims=\"1\" loading=\"lazy\" decoding=\"async\" class=\" wp-image-7516 alignleft\" src=\"https:\/\/i0.wp.com\/migrantesenigualdad.es\/wp-content\/uploads\/2025\/05\/Foto-noticia-3.-Boletin-11.jpeg?resize=222%2C125&#038;ssl=1\" alt=\"\" width=\"222\" height=\"125\" \/><\/p>\n<h4>El grupo ultra N\u00facleo Nacional, denunciado por la Guardia Civil por un presunto delito de odio.<\/h4>\n<p data-start=\"132\" data-end=\"342\">La Guardia Civil investiga al grupo ultraderechista N\u00facleo Nacional por difundir en redes sociales mensajes racistas y violentos, posicion\u00e1ndose contra lo que denominan la \u201cinvasi\u00f3n de extranjeros\u201d. En estos mensajes y videos, el grupo hace un llamamiento a otros grupos de extrema derecha para que se adhieran a sus actividades.<\/p>\n<p style=\"text-align: right;\"><a href=\"https:\/\/www.publico.es\/politica\/tribunales\/grupo-ultra-nucleo-nacional-denunciado-guardia-civil-presunto-delito-odio.html\" target=\"_blank\" rel=\"noopener\">M\u00e1s informaci\u00f3n<\/a><\/p>\n<hr \/>\n<h4><img data-recalc-dims=\"1\" loading=\"lazy\" decoding=\"async\" class=\" wp-image-7514 alignleft\" src=\"https:\/\/i0.wp.com\/migrantesenigualdad.es\/wp-content\/uploads\/2025\/05\/Foto-noticia-4.-Boletin-11.jpeg?resize=227%2C128&#038;ssl=1\" alt=\"\" width=\"227\" height=\"128\" \/>El Gobierno crea un grupo de trabajo para hacer un seguimiento de la acogida de los menores migrantes.<\/h4>\n<p data-start=\"92\" data-end=\"407\">La Comisi\u00f3n Interministerial de Inmigraci\u00f3n del Gobierno, liderada por la actual Ministra de Juventud e Infancia, coordinar\u00e1 los trabajos entre comunidades aut\u00f3nomas para la acogida, valoraci\u00f3n de la capacidad y ocupaci\u00f3n de plazas de menores no acompa\u00f1ados solicitantes de protecci\u00f3n internacional. El fin de esta iniciativa es dar cumplimiento a las medidas dictadas, en este aspecto, por el Tribunal Supremo.<\/p>\n<p style=\"text-align: right;\"><a href=\"https:\/\/www.publico.es\/sociedad\/migracion\/gobierno-crea-grupo-trabajo-seguimiento-reparto-menores-migrantes.html\" target=\"_blank\" rel=\"noopener\">M\u00e1s informaci\u00f3n<\/a><\/p>\n","protected":false},"excerpt":{"rendered":"<p>Denuncian una agresi\u00f3n racista de la Polic\u00eda Nacional contra un joven en Madrid. La plataforma Es Racismo denuncia una agresi\u00f3n racista: la Polic\u00eda Nacional atac\u00f3 a un joven afrodescendiente tras ser reducido sin motivo aparente. La misma plataforma, junto con los testigos que presenciaron los hechos, describen la actuaci\u00f3n como desproporcionada y profundamente racista. M\u00e1s [&hellip;]<\/p>\n","protected":false},"author":1,"featured_media":7017,"comment_status":"open","ping_status":"closed","sticky":false,"template":"","format":"standard","meta":{"_et_pb_use_builder":"","_et_pb_old_content":"","_et_gb_content_width":"","_jetpack_newsletter_access":"","_jetpack_dont_email_post_to_subs":false,"_jetpack_newsletter_tier_id":0,"_jetpack_memberships_contains_paywalled_content":false,"_jetpack_feature_clip_id":0,"_jetpack_memberships_contains_paid_content":false,"footnotes":"","jetpack_post_was_ever_published":false},"categories":[263],"tags":[],"class_list":["post-7518","post","type-post","status-publish","format-standard","has-post-thumbnail","hentry","category-boletin-11-15-05-2025"],"jetpack_sharing_enabled":true,"jetpack_featured_media_url":"https:\/\/i0.wp.com\/migrantesenigualdad.es\/wp-content\/uploads\/2024\/06\/old-texture-newspapers-stack-arrangement-scaled.jpg?fit=2560%2C1707&ssl=1","post_mailing_queue_ids":[],"_links":{"self":[{"href":"https:\/\/migrantesenigualdad.es\/index.php\/wp-json\/wp\/v2\/posts\/7518","targetHints":{"allow":["GET"]}}],"collection":[{"href":"https:\/\/migrantesenigualdad.es\/index.php\/wp-json\/wp\/v2\/posts"}],"about":[{"href":"https:\/\/migrantesenigualdad.es\/index.php\/wp-json\/wp\/v2\/types\/post"}],"author":[{"embeddable":true,"href":"https:\/\/migrantesenigualdad.es\/index.php\/wp-json\/wp\/v2\/users\/1"}],"replies":[{"embeddable":true,"href":"https:\/\/migrantesenigualdad.es\/index.php\/wp-json\/wp\/v2\/comments?post=7518"}],"version-history":[{"count":7,"href":"https:\/\/migrantesenigualdad.es\/index.php\/wp-json\/wp\/v2\/posts\/7518\/revisions"}],"predecessor-version":[{"id":7578,"href":"https:\/\/migrantesenigualdad.es\/index.php\/wp-json\/wp\/v2\/posts\/7518\/revisions\/7578"}],"wp:featuredmedia":[{"embeddable":true,"href":"https:\/\/migrantesenigualdad.es\/index.php\/wp-json\/wp\/v2\/media\/7017"}],"wp:attachment":[{"href":"https:\/\/migrantesenigualdad.es\/index.php\/wp-json\/wp\/v2\/media?parent=7518"}],"wp:term":[{"taxonomy":"category","embeddable":true,"href":"https:\/\/migrantesenigualdad.es\/index.php\/wp-json\/wp\/v2\/categories?post=7518"},{"taxonomy":"post_tag","embeddable":true,"href":"https:\/\/migrantesenigualdad.es\/index.php\/wp-json\/wp\/v2\/tags?post=7518"}],"curies":[{"name":"wp","href":"https:\/\/api.w.org\/{rel}","templated":true}]}}