{"id":7467,"date":"2025-03-20T15:01:59","date_gmt":"2025-03-20T13:01:59","guid":{"rendered":"https:\/\/migrantesenigualdad.es\/?p=7467"},"modified":"2025-03-28T14:11:59","modified_gmt":"2025-03-28T12:11:59","slug":"noticias-breves-7","status":"publish","type":"post","link":"https:\/\/migrantesenigualdad.es\/index.php\/2025\/03\/20\/noticias-breves-7\/","title":{"rendered":"Noticias breves"},"content":{"rendered":"<h4><img data-recalc-dims=\"1\" loading=\"lazy\" decoding=\"async\" class=\"wp-image-7462 alignleft\" src=\"https:\/\/i0.wp.com\/migrantesenigualdad.es\/wp-content\/uploads\/2025\/03\/FOTO-3.png?resize=250%2C141&#038;ssl=1\" alt=\"\" width=\"250\" height=\"141\" \/>Ibrahima y Maggate, los migrantes que auxiliaron a Samuel cuyo ejemplo desmonta el discurso ultra<\/h4>\n<p>El Ayuntamiento de A Coru\u00f1a nombra hijos adoptivos de la ciudad a dos senegaleses que auxiliaron a Samuel Luiz cuando fue linchado en una calle concurrida del centro de la ciudad por una manada hom\u00f3foba.<\/p>\n<p style=\"text-align: right;\"><a href=\"https:\/\/www.publico.es\/sociedad\/sucesos\/ibrahima-magatte-migrantes-auxiliaron-samuel-cuyo-ejemplo-desmonta-discurso-ultra.html\" target=\"_blank\" rel=\"noopener\">Leer m\u00e1s<\/a><\/p>\n<hr \/>\n<h4><\/h4>\n<p>&nbsp;<\/p>\n<h4><img data-recalc-dims=\"1\" loading=\"lazy\" decoding=\"async\" class=\" wp-image-7468 alignleft\" src=\"https:\/\/i0.wp.com\/migrantesenigualdad.es\/wp-content\/uploads\/2025\/03\/FOTO-4.jpg?resize=250%2C226&#038;ssl=1\" alt=\"\" width=\"250\" height=\"226\" \/>La red estatal contra la LGTBIfobia pide frenar el avance fascista: \u201cSi no, lamentaremos palizas\u201d<\/h4>\n<p>Miembros de la Red Estatal de Observatorios Contra la LGTBIfobia han hecho un llamamiento urgente para movilizar a la sociedad ante el \u201cavance del fascismo\u201d y el endurecimiento de las ofensivas ultraderechistas contra los derechos humanos y, en particular, de las comunidades LGTBIQ+<\/p>\n<p style=\"text-align: right;\"><a href=\"https:\/\/www.publico.es\/sociedad\/red-estatal-lgtbifobia-pide-frenar-avance-fascista-lamentaremos-palizas.html\" target=\"_blank\" rel=\"noopener\">Leer m\u00e1s<\/a><\/p>\n<p>&nbsp;<\/p>\n<hr \/>\n<h4><\/h4>\n<p>&nbsp;<\/p>\n<h4><img loading=\"lazy\" decoding=\"async\" class=\"wp-image-7463 alignleft\" src=\"https:\/\/migrantesenigualdad.es\/wp-content\/uploads\/2025\/03\/FOTO-5.avif\" alt=\"\" width=\"249\" height=\"140\" \/>Rafaela Pimentel: \u201cLas mujeres migrantes y empobrecidas sostenemos los cuidados y hay mucho racismo\u201d<\/h4>\n<p>Entrevista a Rafaela Pimentel, en la que da voz a las mujeres migrantes que trabajan como cuidadoras para reivindicar sus derechos.<\/p>\n<p style=\"text-align: right;\"><a href=\"https:\/\/elpais.com\/videos\/2025-03-06\/rafaela-pimentel-las-mujeres-migrantes-y-empobrecidas-sostenemos-los-cuidados-y-hay-muchisimo-racismo.html?autoplay=1\" target=\"_blank\" rel=\"noopener\">Leer m\u00e1s<\/a><\/p>\n<hr \/>\n<h4><\/h4>\n<h4><img data-recalc-dims=\"1\" loading=\"lazy\" decoding=\"async\" class=\"wp-image-7464 alignleft\" src=\"https:\/\/i0.wp.com\/migrantesenigualdad.es\/wp-content\/uploads\/2025\/03\/FOTO-6.jpeg?resize=250%2C166&#038;ssl=1\" alt=\"\" width=\"250\" height=\"166\" \/>El Gobierno se abre a delegar competencias migratorias a otras regiones tras el pacto con Junts.<\/h4>\n<p>El gobierno abre la puerta para que las Comunidades Aut\u00f3nomas asuman competencias en materia migratoria. Catalu\u00f1a es la pionera en solicitar esta delegaci\u00f3n.<\/p>\n<p style=\"text-align: right;\"><a href=\"https:\/\/www.publico.es\/politica\/gobierno\/gobierno-abre-delegar-competencias-migratorias-regiones-pacto-junts.html\" target=\"_blank\" rel=\"noopener\">Leer m\u00e1s<\/a><\/p>\n","protected":false},"excerpt":{"rendered":"<p>Ibrahima y Maggate, los migrantes que auxiliaron a Samuel cuyo ejemplo desmonta el discurso ultra El Ayuntamiento de A Coru\u00f1a nombra hijos adoptivos de la ciudad a dos senegaleses que auxiliaron a Samuel Luiz cuando fue linchado en una calle concurrida del centro de la ciudad por una manada hom\u00f3foba. Leer m\u00e1s &nbsp; La red [&hellip;]<\/p>\n","protected":false},"author":1,"featured_media":7017,"comment_status":"open","ping_status":"closed","sticky":false,"template":"","format":"standard","meta":{"_et_pb_use_builder":"","_et_pb_old_content":"","_et_gb_content_width":"","_jetpack_newsletter_access":"","_jetpack_dont_email_post_to_subs":false,"_jetpack_newsletter_tier_id":0,"_jetpack_memberships_contains_paywalled_content":false,"_jetpack_feature_clip_id":0,"_jetpack_memberships_contains_paid_content":false,"footnotes":"","jetpack_post_was_ever_published":false},"categories":[262],"tags":[],"class_list":["post-7467","post","type-post","status-publish","format-standard","has-post-thumbnail","hentry","category-boletin-10-25-03-2025"],"jetpack_sharing_enabled":true,"jetpack_featured_media_url":"https:\/\/i0.wp.com\/migrantesenigualdad.es\/wp-content\/uploads\/2024\/06\/old-texture-newspapers-stack-arrangement-scaled.jpg?fit=2560%2C1707&ssl=1","post_mailing_queue_ids":[],"_links":{"self":[{"href":"https:\/\/migrantesenigualdad.es\/index.php\/wp-json\/wp\/v2\/posts\/7467","targetHints":{"allow":["GET"]}}],"collection":[{"href":"https:\/\/migrantesenigualdad.es\/index.php\/wp-json\/wp\/v2\/posts"}],"about":[{"href":"https:\/\/migrantesenigualdad.es\/index.php\/wp-json\/wp\/v2\/types\/post"}],"author":[{"embeddable":true,"href":"https:\/\/migrantesenigualdad.es\/index.php\/wp-json\/wp\/v2\/users\/1"}],"replies":[{"embeddable":true,"href":"https:\/\/migrantesenigualdad.es\/index.php\/wp-json\/wp\/v2\/comments?post=7467"}],"version-history":[{"count":6,"href":"https:\/\/migrantesenigualdad.es\/index.php\/wp-json\/wp\/v2\/posts\/7467\/revisions"}],"predecessor-version":[{"id":7503,"href":"https:\/\/migrantesenigualdad.es\/index.php\/wp-json\/wp\/v2\/posts\/7467\/revisions\/7503"}],"wp:featuredmedia":[{"embeddable":true,"href":"https:\/\/migrantesenigualdad.es\/index.php\/wp-json\/wp\/v2\/media\/7017"}],"wp:attachment":[{"href":"https:\/\/migrantesenigualdad.es\/index.php\/wp-json\/wp\/v2\/media?parent=7467"}],"wp:term":[{"taxonomy":"category","embeddable":true,"href":"https:\/\/migrantesenigualdad.es\/index.php\/wp-json\/wp\/v2\/categories?post=7467"},{"taxonomy":"post_tag","embeddable":true,"href":"https:\/\/migrantesenigualdad.es\/index.php\/wp-json\/wp\/v2\/tags?post=7467"}],"curies":[{"name":"wp","href":"https:\/\/api.w.org\/{rel}","templated":true}]}}