{"id":7460,"date":"2025-03-20T15:03:11","date_gmt":"2025-03-20T13:03:11","guid":{"rendered":"https:\/\/migrantesenigualdad.es\/?p=7460"},"modified":"2025-03-28T14:13:41","modified_gmt":"2025-03-28T12:13:41","slug":"conmemoracion-del-21-de-marzo-dia-internacional-de-la-eliminacion-de-la-discriminacion-racial","status":"publish","type":"post","link":"https:\/\/migrantesenigualdad.es\/index.php\/2025\/03\/20\/conmemoracion-del-21-de-marzo-dia-internacional-de-la-eliminacion-de-la-discriminacion-racial\/","title":{"rendered":"Conmemoraci\u00f3n del 21 de marzo, D\u00eda Internacional de la Eliminaci\u00f3n de la Discriminaci\u00f3n Racial"},"content":{"rendered":"<div data-ogsc=\"rgb(0, 0, 0)\">\n<div class=\"x_elementToProof\" data-ogsc=\"\">Para conmemorar el D\u00eda Internacional de la Eliminaci\u00f3n de la Discriminaci\u00f3n Racial, el pasado 25 de marzo llevamos a cabo un punto informativo a pie de calle en la Plaza de la Mujer de Algeciras, en el que se expusieron las obras del pintor Sory Traore, procedente de Bamako (Mali), en representaci\u00f3n de la oposici\u00f3n a la discriminaci\u00f3n racial.<\/div>\n<\/div>\n<div data-ogsc=\"rgb(0, 0, 0)\">\n<div class=\"x_elementToProof\" data-ogsc=\"\"><\/div>\n<\/div>\n<div data-ogsc=\"rgb(0, 0, 0)\">\n<div class=\"x_elementToProof\" data-ogsc=\"\">Adem\u00e1s, el personal t\u00e9cnico del proyecto estuvo presente en la actividad difundiendo los servicios que desarrolla Migrantes en Igualdad y solventando las dudas de aquellas personas migrantes v\u00edctimas o potenciales v\u00edctimas de delitos de odio.<\/div>\n<\/div>\n","protected":false},"excerpt":{"rendered":"<p>Para conmemorar el D\u00eda Internacional de la Eliminaci\u00f3n de la Discriminaci\u00f3n Racial, el pasado 25 de marzo llevamos a cabo un punto informativo a pie de calle en la Plaza de la Mujer de Algeciras, en el que se expusieron las obras del pintor Sory Traore, procedente de Bamako (Mali), en representaci\u00f3n de la oposici\u00f3n [&hellip;]<\/p>\n","protected":false},"author":1,"featured_media":7504,"comment_status":"open","ping_status":"closed","sticky":false,"template":"","format":"standard","meta":{"_et_pb_use_builder":"","_et_pb_old_content":"","_et_gb_content_width":"","_jetpack_newsletter_access":"","_jetpack_dont_email_post_to_subs":false,"_jetpack_newsletter_tier_id":0,"_jetpack_memberships_contains_paywalled_content":false,"_jetpack_feature_clip_id":0,"_jetpack_memberships_contains_paid_content":false,"footnotes":"","jetpack_post_was_ever_published":false},"categories":[262],"tags":[],"class_list":["post-7460","post","type-post","status-publish","format-standard","has-post-thumbnail","hentry","category-boletin-10-25-03-2025"],"jetpack_sharing_enabled":true,"jetpack_featured_media_url":"https:\/\/i0.wp.com\/migrantesenigualdad.es\/wp-content\/uploads\/2025\/03\/FOTO-PUNTO-INFORMATIVO.jpeg?fit=2040%2C1536&ssl=1","post_mailing_queue_ids":[],"_links":{"self":[{"href":"https:\/\/migrantesenigualdad.es\/index.php\/wp-json\/wp\/v2\/posts\/7460","targetHints":{"allow":["GET"]}}],"collection":[{"href":"https:\/\/migrantesenigualdad.es\/index.php\/wp-json\/wp\/v2\/posts"}],"about":[{"href":"https:\/\/migrantesenigualdad.es\/index.php\/wp-json\/wp\/v2\/types\/post"}],"author":[{"embeddable":true,"href":"https:\/\/migrantesenigualdad.es\/index.php\/wp-json\/wp\/v2\/users\/1"}],"replies":[{"embeddable":true,"href":"https:\/\/migrantesenigualdad.es\/index.php\/wp-json\/wp\/v2\/comments?post=7460"}],"version-history":[{"count":5,"href":"https:\/\/migrantesenigualdad.es\/index.php\/wp-json\/wp\/v2\/posts\/7460\/revisions"}],"predecessor-version":[{"id":7502,"href":"https:\/\/migrantesenigualdad.es\/index.php\/wp-json\/wp\/v2\/posts\/7460\/revisions\/7502"}],"wp:featuredmedia":[{"embeddable":true,"href":"https:\/\/migrantesenigualdad.es\/index.php\/wp-json\/wp\/v2\/media\/7504"}],"wp:attachment":[{"href":"https:\/\/migrantesenigualdad.es\/index.php\/wp-json\/wp\/v2\/media?parent=7460"}],"wp:term":[{"taxonomy":"category","embeddable":true,"href":"https:\/\/migrantesenigualdad.es\/index.php\/wp-json\/wp\/v2\/categories?post=7460"},{"taxonomy":"post_tag","embeddable":true,"href":"https:\/\/migrantesenigualdad.es\/index.php\/wp-json\/wp\/v2\/tags?post=7460"}],"curies":[{"name":"wp","href":"https:\/\/api.w.org\/{rel}","templated":true}]}}