{"id":7457,"date":"2025-03-20T15:04:53","date_gmt":"2025-03-20T13:04:53","guid":{"rendered":"https:\/\/migrantesenigualdad.es\/?p=7457"},"modified":"2025-04-01T11:38:52","modified_gmt":"2025-04-01T09:38:52","slug":"migrantes-en-igualdad-2025","status":"publish","type":"post","link":"https:\/\/migrantesenigualdad.es\/index.php\/2025\/03\/20\/migrantes-en-igualdad-2025\/","title":{"rendered":"Migrantes en Igualdad 2025"},"content":{"rendered":"<div class=\"x_elementToProof\">\n<div class=\"x_elementToProof\" data-ogsc=\"rgb(0, 0, 0)\">Arranca de nuevo esta newsletter de\u00a0<b data-ogsc=\"\">Migrantes en igualdad<\/b>, un proyecto de apoyo integral a personas migrantes v\u00edctimas o potenciales v\u00edctimas de delitos de odio por motivos racistas, xen\u00f3fobos o por cualquier otro tipo de intolerancia asociada. Este proyecto, que llevamos a cabo en el Campo de Gibraltar y Ceuta, funciona tambi\u00e9n de manera coordinada y en red con otros organismos y entidades p\u00fablicas y privadas que tienen el objetivo com\u00fan de contrarrestar los citados delitos.<\/div>\n<div class=\"x_elementToProof\" data-ogsc=\"rgb(0, 0, 0)\">Nuestro trabajo contra la intolerancia lo hacemos siempre pensando en las v\u00edctimas y con el objetivo de sensibilizar a toda la sociedad para hacer visible a sus ojos todo el da\u00f1o que producen los discursos y delitos de odio en las v\u00edctimas y en su entorno m\u00e1s cercano.<\/div>\n<div class=\"x_elementToProof\" data-ogsc=\"rgb(0, 0, 0)\">Nuestro trabajo de a\u00f1os sobre el terreno nos ha ense\u00f1ado que debemos seguir insistiendo sobre la poblaci\u00f3n para que las personas que pueden ayudar en las investigaciones de los delitos aporten la informaci\u00f3n y los conocimientos que tengan. A\u00fan debemos ayudar a algunas v\u00edctimas y su entorno a que sepan identificar este tipo de delitos y a que act\u00faen frente a ellos. Su colaboraci\u00f3n tambi\u00e9n puede ayudarnos a cambiar la percepci\u00f3n social que, a\u00fan hoy, tienen y difunden algunos medios de comunicaci\u00f3n y otros agentes sobre las personas migrantes.<\/div>\n<div class=\"x_elementToProof\" data-ogsc=\"rgb(0, 0, 0)\">Esta nueva etapa de la newsletter\u00a0nos servir\u00e1 para difundir y diversificar el contenido de los talleres o sesiones informativas que impartiremos durante el a\u00f1o. Estas sesiones que hacemos de forma presencial con la poblaci\u00f3n migrante especialmente vulnerable ante este tipo de delitos pretenden ayudar a estas personas a saberlos identificar y a afrontarlos mejor si los sufren.<\/div>\n<div class=\"x_elementToProof\" data-ogsc=\"rgb(0, 0, 0)\">El equipo de\u00a0<b data-ogsc=\"\">Migrantes en igualdad\u00a0<\/b>ofrece tambi\u00e9n una atenci\u00f3n integral a las v\u00edctimas o posibles v\u00edctimas de incidentes o delitos de odio. Es una atenci\u00f3n personalizada que lleva a cabo un equipo multidisciplinar compuesto por trabajadoras sociales, una psic\u00f3loga, una jurista, una mediadora intercultural y un educador. Este equipo trabaja con el objetivo de apoyar y asesorar a las v\u00edctimas y para aminorar las consecuencias negativas a nivel social, jur\u00eddico o psicol\u00f3gico que estos delitos generan en las personas que los sufren.<\/div>\n<div class=\"x_elementToProof\" data-ogsc=\"rgb(0, 0, 0)\"><b data-ogsc=\"\">Migrantes en igualdad<\/b>\u00a0est\u00e1 financiado por el Ministerio de Inclusi\u00f3n, Seguridad Social y Migraciones, cofinanciado por el Fondo Social Europeo + en el Programa Estatal de Inclusi\u00f3n Social, Garant\u00eda Infantil y Lucha contra la Pobreza.<\/div>\n<\/div>\n","protected":false},"excerpt":{"rendered":"<p>Arranca de nuevo esta newsletter de\u00a0Migrantes en igualdad, un proyecto de apoyo integral a personas migrantes v\u00edctimas o potenciales v\u00edctimas de delitos de odio por motivos racistas, xen\u00f3fobos o por cualquier otro tipo de intolerancia asociada. Este proyecto, que llevamos a cabo en el Campo de Gibraltar y Ceuta, funciona tambi\u00e9n de manera coordinada y [&hellip;]<\/p>\n","protected":false},"author":1,"featured_media":7458,"comment_status":"open","ping_status":"closed","sticky":false,"template":"","format":"standard","meta":{"_et_pb_use_builder":"","_et_pb_old_content":"","_et_gb_content_width":"","_jetpack_newsletter_access":"","_jetpack_dont_email_post_to_subs":false,"_jetpack_newsletter_tier_id":0,"_jetpack_memberships_contains_paywalled_content":false,"_jetpack_feature_clip_id":0,"_jetpack_memberships_contains_paid_content":false,"footnotes":"","jetpack_post_was_ever_published":false},"categories":[262],"tags":[],"class_list":["post-7457","post","type-post","status-publish","format-standard","has-post-thumbnail","hentry","category-boletin-10-25-03-2025"],"jetpack_sharing_enabled":true,"jetpack_featured_media_url":"https:\/\/i0.wp.com\/migrantesenigualdad.es\/wp-content\/uploads\/2025\/03\/foto1.png?fit=791%2C928&ssl=1","post_mailing_queue_ids":[],"_links":{"self":[{"href":"https:\/\/migrantesenigualdad.es\/index.php\/wp-json\/wp\/v2\/posts\/7457","targetHints":{"allow":["GET"]}}],"collection":[{"href":"https:\/\/migrantesenigualdad.es\/index.php\/wp-json\/wp\/v2\/posts"}],"about":[{"href":"https:\/\/migrantesenigualdad.es\/index.php\/wp-json\/wp\/v2\/types\/post"}],"author":[{"embeddable":true,"href":"https:\/\/migrantesenigualdad.es\/index.php\/wp-json\/wp\/v2\/users\/1"}],"replies":[{"embeddable":true,"href":"https:\/\/migrantesenigualdad.es\/index.php\/wp-json\/wp\/v2\/comments?post=7457"}],"version-history":[{"count":3,"href":"https:\/\/migrantesenigualdad.es\/index.php\/wp-json\/wp\/v2\/posts\/7457\/revisions"}],"predecessor-version":[{"id":7507,"href":"https:\/\/migrantesenigualdad.es\/index.php\/wp-json\/wp\/v2\/posts\/7457\/revisions\/7507"}],"wp:featuredmedia":[{"embeddable":true,"href":"https:\/\/migrantesenigualdad.es\/index.php\/wp-json\/wp\/v2\/media\/7458"}],"wp:attachment":[{"href":"https:\/\/migrantesenigualdad.es\/index.php\/wp-json\/wp\/v2\/media?parent=7457"}],"wp:term":[{"taxonomy":"category","embeddable":true,"href":"https:\/\/migrantesenigualdad.es\/index.php\/wp-json\/wp\/v2\/categories?post=7457"},{"taxonomy":"post_tag","embeddable":true,"href":"https:\/\/migrantesenigualdad.es\/index.php\/wp-json\/wp\/v2\/tags?post=7457"}],"curies":[{"name":"wp","href":"https:\/\/api.w.org\/{rel}","templated":true}]}}