{"id":7390,"date":"2024-12-17T11:15:55","date_gmt":"2024-12-17T09:15:55","guid":{"rendered":"https:\/\/migrantesenigualdad.es\/?p=7390"},"modified":"2024-12-30T13:26:09","modified_gmt":"2024-12-30T11:26:09","slug":"noticias-breves-6","status":"publish","type":"post","link":"https:\/\/migrantesenigualdad.es\/index.php\/2024\/12\/17\/noticias-breves-6\/","title":{"rendered":"Noticias breves"},"content":{"rendered":"<p><img data-recalc-dims=\"1\" loading=\"lazy\" decoding=\"async\" class=\"wp-image-7393 alignleft\" src=\"https:\/\/i0.wp.com\/migrantesenigualdad.es\/wp-content\/uploads\/2024\/12\/noticia-breve-1.jpg?resize=200%2C134&#038;ssl=1\" alt=\"\" width=\"200\" height=\"134\" srcset=\"https:\/\/i0.wp.com\/migrantesenigualdad.es\/wp-content\/uploads\/2024\/12\/noticia-breve-1.jpg?w=433&amp;ssl=1 433w, https:\/\/i0.wp.com\/migrantesenigualdad.es\/wp-content\/uploads\/2024\/12\/noticia-breve-1.jpg?resize=300%2C200&amp;ssl=1 300w\" sizes=\"(max-width: 200px) 100vw, 200px\" \/><\/p>\n<p><span class=\"TextRun SCXW259133430 BCX0\" lang=\"ES-ES\" xml:lang=\"ES-ES\" data-contrast=\"auto\"><span class=\"NormalTextRun SCXW259133430 BCX0\">Queremos compartir esta entrevista que <\/span><span class=\"NormalTextRun SCXW259133430 BCX0\">Ricard<\/span> <span class=\"NormalTextRun SpellingErrorV2Themed SCXW259133430 BCX0\">Gonzalez<\/span><span class=\"NormalTextRun SCXW259133430 BCX0\"> le hace en el Diario el Salto al periodista <\/span><span class=\"NormalTextRun SCXW259133430 BCX0\">Dipo<\/span> <span class=\"NormalTextRun SpellingErrorV2Themed SCXW259133430 BCX0\">Faloyin<\/span><span class=\"NormalTextRun SCXW259133430 BCX0\">: <\/span><\/span><span class=\"TextRun SCXW259133430 BCX0\" lang=\"ES-ES\" xml:lang=\"ES-ES\" data-contrast=\"auto\"><span class=\"NormalTextRun SCXW259133430 BCX0\">\u201cEn \u00c1frica no hay solo historias de pobreza y sufrimiento, sino tambi\u00e9n de \u00e9xito\u201d<\/span><\/span><span class=\"TextRun SCXW259133430 BCX0\" lang=\"ES-ES\" xml:lang=\"ES-ES\" data-contrast=\"auto\"><span class=\"NormalTextRun SCXW259133430 BCX0\">.<\/span><span class=\"NormalTextRun SCXW259133430 BCX0\"> En su libro <em>\u00c1frica no es un pa\u00eds<\/em>, el periodista <\/span><span class=\"NormalTextRun SCXW259133430 BCX0\">Dipo<\/span> <span class=\"NormalTextRun SpellingErrorV2Themed SCXW259133430 BCX0\">Faloyin<\/span><span class=\"NormalTextRun SCXW259133430 BCX0\"> se interna en distintas realidades, debates y resistencias para dinamitar con un estilo agudo toda visi\u00f3n monol\u00edtica del continente.<\/span> <\/span><a class=\"Hyperlink SCXW259133430 BCX0\" href=\"https:\/\/www.elsaltodiario.com\/racismo\/dipo-faloyin-africa-no-hay-solo-historias-pobreza-sufrimiento-tambien-exito\" target=\"_blank\" rel=\"noreferrer noopener\"><span class=\"TextRun Underlined SCXW259133430 BCX0\" lang=\"ES-ES\" xml:lang=\"ES-ES\" data-contrast=\"none\"><span class=\"NormalTextRun SCXW259133430 BCX0\" data-ccp-charstyle=\"Hyperlink\">Leer m<\/span><span class=\"NormalTextRun SCXW259133430 BCX0\" data-ccp-charstyle=\"Hyperlink\">\u00e1<\/span><span class=\"NormalTextRun SCXW259133430 BCX0\" data-ccp-charstyle=\"Hyperlink\">s<\/span><\/span><\/a><span class=\"EOP SCXW259133430 BCX0\" data-ccp-props=\"{&quot;335551550&quot;:6,&quot;335551620&quot;:6}\">\u00a0<\/span><\/p>\n<p>&nbsp;<\/p>\n<hr \/>\n<p><img data-recalc-dims=\"1\" loading=\"lazy\" decoding=\"async\" class=\"wp-image-7391 alignleft\" src=\"https:\/\/i0.wp.com\/migrantesenigualdad.es\/wp-content\/uploads\/2024\/12\/noticia-breve-2.jpg?resize=201%2C113&#038;ssl=1\" alt=\"\" width=\"201\" height=\"113\" srcset=\"https:\/\/i0.wp.com\/migrantesenigualdad.es\/wp-content\/uploads\/2024\/12\/noticia-breve-2.jpg?w=433&amp;ssl=1 433w, https:\/\/i0.wp.com\/migrantesenigualdad.es\/wp-content\/uploads\/2024\/12\/noticia-breve-2.jpg?resize=300%2C169&amp;ssl=1 300w\" sizes=\"(max-width: 201px) 100vw, 201px\" \/><\/p>\n<p><span data-contrast=\"auto\">Nos hacemos eco de esta informaci\u00f3n publicada en Europa Press: <\/span>M\u00e1s de 60.000 migrantes han llegado en lo que va de a\u00f1o de forma irregular a Espa\u00f1a, 43.737 de ellos a Canarias<span data-contrast=\"auto\">.<\/span><span data-ccp-props=\"{&quot;335551550&quot;:6,&quot;335551620&quot;:6}\">\u00a0<\/span><a href=\"https:\/\/www.europapress.es\/epsocial\/migracion\/noticia-mas-60000-migrantes-llegado-va-ano-forma-irregular-espana-43737-ellos-canarias-20241216171651.html\"><span data-contrast=\"none\">Leer m\u00e1s<\/span><\/a><span data-ccp-props=\"{&quot;335551550&quot;:6,&quot;335551620&quot;:6}\">\u00a0<\/span><\/p>\n<p>&nbsp;<\/p>\n<hr \/>\n<p><img data-recalc-dims=\"1\" loading=\"lazy\" decoding=\"async\" class=\"wp-image-7392 alignleft\" src=\"https:\/\/i0.wp.com\/migrantesenigualdad.es\/wp-content\/uploads\/2024\/12\/noticia-breve-3.png?resize=201%2C113&#038;ssl=1\" alt=\"\" width=\"201\" height=\"113\" srcset=\"https:\/\/i0.wp.com\/migrantesenigualdad.es\/wp-content\/uploads\/2024\/12\/noticia-breve-3.png?w=433&amp;ssl=1 433w, https:\/\/i0.wp.com\/migrantesenigualdad.es\/wp-content\/uploads\/2024\/12\/noticia-breve-3.png?resize=300%2C168&amp;ssl=1 300w\" sizes=\"(max-width: 201px) 100vw, 201px\" \/><\/p>\n<p><span class=\"TextRun SCXW205218415 BCX0\" lang=\"ES-ES\" xml:lang=\"ES-ES\" data-contrast=\"auto\"><span class=\"NormalTextRun SCXW205218415 BCX0\">Compartimos esta informaci\u00f3n del Diario.es:<\/span><\/span><span class=\"TextRun SCXW205218415 BCX0\" lang=\"ES-ES\" xml:lang=\"ES-ES\" data-contrast=\"auto\"> <span class=\"NormalTextRun SCXW205218415 BCX0\">La UE aprieta a <\/span><span class=\"NormalTextRun SCXW205218415 BCX0\">las ONG: planea retirar la &#8216;cl\u00e1usula humanitaria&#8217; que permite no criminalizar la asistencia a los migrantes,<\/span><\/span><span class=\"TextRun SCXW205218415 BCX0\" lang=\"ES-ES\" xml:lang=\"ES-ES\" data-contrast=\"auto\"> <span class=\"NormalTextRun SCXW205218415 BCX0\">El Gobierno se opone a un texto que elimina del articulado la posibilidad de que los pa\u00edses no sancionen la asistencia humanitaria a los migrantes. Espa\u00f1a ve problemas t\u00e9cnicos y tambi\u00e9n rechaza el mensaje pol\u00edtico que lanza la UE en un momento de endurecimiento total de la pol\u00edtica migratoria<\/span><span class=\"NormalTextRun SCXW205218415 BCX0\">. <\/span><\/span><a class=\"Hyperlink SCXW205218415 BCX0\" href=\"https:\/\/www.eldiario.es\/desalambre\/ue-aprieta-ong-planea-retirar-clausula-humanitaria-permite-no-criminalizar-asistencia-migrantes_1_11895690.html\" target=\"_blank\" rel=\"noreferrer noopener\"><span class=\"TextRun Underlined SCXW205218415 BCX0\" lang=\"ES-ES\" xml:lang=\"ES-ES\" data-contrast=\"none\"><span class=\"NormalTextRun SCXW205218415 BCX0\" data-ccp-charstyle=\"Hyperlink\">Leer m\u00e1s<\/span><\/span><\/a><\/p>\n","protected":false},"excerpt":{"rendered":"<p>Queremos compartir esta entrevista que Ricard Gonzalez le hace en el Diario el Salto al periodista Dipo Faloyin: \u201cEn \u00c1frica no hay solo historias de pobreza y sufrimiento, sino tambi\u00e9n de \u00e9xito\u201d. En su libro \u00c1frica no es un pa\u00eds, el periodista Dipo Faloyin se interna en distintas realidades, debates y resistencias para dinamitar con [&hellip;]<\/p>\n","protected":false},"author":1,"featured_media":7017,"comment_status":"open","ping_status":"closed","sticky":false,"template":"","format":"standard","meta":{"_et_pb_use_builder":"","_et_pb_old_content":"","_et_gb_content_width":"","_jetpack_newsletter_access":"","_jetpack_dont_email_post_to_subs":false,"_jetpack_newsletter_tier_id":0,"_jetpack_memberships_contains_paywalled_content":false,"_jetpack_feature_clip_id":0,"_jetpack_memberships_contains_paid_content":false,"footnotes":"","jetpack_post_was_ever_published":false},"categories":[260],"tags":[],"class_list":["post-7390","post","type-post","status-publish","format-standard","has-post-thumbnail","hentry","category-boletin-9-23-12-2024"],"jetpack_sharing_enabled":true,"jetpack_featured_media_url":"https:\/\/i0.wp.com\/migrantesenigualdad.es\/wp-content\/uploads\/2024\/06\/old-texture-newspapers-stack-arrangement-scaled.jpg?fit=2560%2C1707&ssl=1","post_mailing_queue_ids":[],"_links":{"self":[{"href":"https:\/\/migrantesenigualdad.es\/index.php\/wp-json\/wp\/v2\/posts\/7390","targetHints":{"allow":["GET"]}}],"collection":[{"href":"https:\/\/migrantesenigualdad.es\/index.php\/wp-json\/wp\/v2\/posts"}],"about":[{"href":"https:\/\/migrantesenigualdad.es\/index.php\/wp-json\/wp\/v2\/types\/post"}],"author":[{"embeddable":true,"href":"https:\/\/migrantesenigualdad.es\/index.php\/wp-json\/wp\/v2\/users\/1"}],"replies":[{"embeddable":true,"href":"https:\/\/migrantesenigualdad.es\/index.php\/wp-json\/wp\/v2\/comments?post=7390"}],"version-history":[{"count":4,"href":"https:\/\/migrantesenigualdad.es\/index.php\/wp-json\/wp\/v2\/posts\/7390\/revisions"}],"predecessor-version":[{"id":7416,"href":"https:\/\/migrantesenigualdad.es\/index.php\/wp-json\/wp\/v2\/posts\/7390\/revisions\/7416"}],"wp:featuredmedia":[{"embeddable":true,"href":"https:\/\/migrantesenigualdad.es\/index.php\/wp-json\/wp\/v2\/media\/7017"}],"wp:attachment":[{"href":"https:\/\/migrantesenigualdad.es\/index.php\/wp-json\/wp\/v2\/media?parent=7390"}],"wp:term":[{"taxonomy":"category","embeddable":true,"href":"https:\/\/migrantesenigualdad.es\/index.php\/wp-json\/wp\/v2\/categories?post=7390"},{"taxonomy":"post_tag","embeddable":true,"href":"https:\/\/migrantesenigualdad.es\/index.php\/wp-json\/wp\/v2\/tags?post=7390"}],"curies":[{"name":"wp","href":"https:\/\/api.w.org\/{rel}","templated":true}]}}