{"id":7386,"date":"2024-12-17T11:20:42","date_gmt":"2024-12-17T09:20:42","guid":{"rendered":"https:\/\/migrantesenigualdad.es\/?p=7386"},"modified":"2024-12-30T13:24:52","modified_gmt":"2024-12-30T11:24:52","slug":"estudio-sobre-el-analisis-del-impacto-economico-de-la-discriminacion-y-la-desigualdad-entre-la-poblacion-autoctona-y-la-extranjera-residente-en-espana","status":"publish","type":"post","link":"https:\/\/migrantesenigualdad.es\/index.php\/2024\/12\/17\/estudio-sobre-el-analisis-del-impacto-economico-de-la-discriminacion-y-la-desigualdad-entre-la-poblacion-autoctona-y-la-extranjera-residente-en-espana\/","title":{"rendered":"Estudio sobre el an\u00e1lisis del impacto econ\u00f3mico de la discriminaci\u00f3n y la desigualdad entre la poblaci\u00f3n aut\u00f3ctona y la extranjera residente en Espa\u00f1a"},"content":{"rendered":"<p>El estudio sobre el <em>An\u00e1lisis del impacto econ\u00f3mico de la discriminaci\u00f3n y la desigualdad entre la poblaci\u00f3n aut\u00f3ctona y la extranjera residente en Espa\u00f1a<\/em>\u00a0ha sido elaborado por los profesores Ram\u00f3n Mah\u00eda Casado y Eva Medina Moral, de la Universidad Aut\u00f3noma de Madrid. Este estudio, promovido por la Secretar\u00eda de Estado de Migraciones y coordinado a trav\u00e9s del Observatorio Espa\u00f1ol del Racismo y la Xenofobia (OBERAXE), ha sido cofinanciado por la Uni\u00f3n Europea.<\/p>\n<p>Este an\u00e1lisis responde a la necesidad de mejorar el conocimiento sobre el estado de la situaci\u00f3n de discriminaci\u00f3n de las personas inmigrantes, como se propone en el \u00abMarco Estrat\u00e9gico de Ciudadan\u00eda, Inclusi\u00f3n contra el racismo y la xenofobia 2023-2027\u00bb.<\/p>\n<p>El objetivo es expresar la magnitud y extensi\u00f3n de la discriminaci\u00f3n, que sufren las personas extranjeras en Espa\u00f1a por el mero hecho de serlo. Para ello, se han contemplado los factores que dan lugar a la desigualdad laboral y educativa entre personas aut\u00f3ctonas y extranjeras, tratando de encontrar las diferencias que no se explican por las caracter\u00edsticas de ambos grupos y que son atribuibles a una discriminaci\u00f3n debido al hecho de ser extranjeras.<\/p>\n<p>Para acceder al informe completo pincha <a href=\"https:\/\/migrantesenigualdad.es\/wp-content\/uploads\/2024\/12\/ACCESIBLE_OB15_Anlisis-del-impacto-econmico-de-la-desigualdad.pdf\" target=\"_blank\" rel=\"noopener\">aqu\u00ed<\/a><\/p>\n","protected":false},"excerpt":{"rendered":"<p>El estudio sobre el An\u00e1lisis del impacto econ\u00f3mico de la discriminaci\u00f3n y la desigualdad entre la poblaci\u00f3n aut\u00f3ctona y la extranjera residente en Espa\u00f1a\u00a0ha sido elaborado por los profesores Ram\u00f3n Mah\u00eda Casado y Eva Medina Moral, de la Universidad Aut\u00f3noma de Madrid. Este estudio, promovido por la Secretar\u00eda de Estado de Migraciones y coordinado a [&hellip;]<\/p>\n","protected":false},"author":1,"featured_media":7388,"comment_status":"open","ping_status":"closed","sticky":false,"template":"","format":"standard","meta":{"_et_pb_use_builder":"","_et_pb_old_content":"","_et_gb_content_width":"","_jetpack_newsletter_access":"","_jetpack_dont_email_post_to_subs":false,"_jetpack_newsletter_tier_id":0,"_jetpack_memberships_contains_paywalled_content":false,"_jetpack_feature_clip_id":0,"_jetpack_memberships_contains_paid_content":false,"footnotes":"","jetpack_post_was_ever_published":false},"categories":[260,173],"tags":[],"class_list":["post-7386","post","type-post","status-publish","format-standard","has-post-thumbnail","hentry","category-boletin-9-23-12-2024","category-informes"],"jetpack_sharing_enabled":true,"jetpack_featured_media_url":"https:\/\/i0.wp.com\/migrantesenigualdad.es\/wp-content\/uploads\/2024\/12\/Captura-de-pantalla-2024-12-23-110424.png?fit=816%2C442&ssl=1","post_mailing_queue_ids":[],"_links":{"self":[{"href":"https:\/\/migrantesenigualdad.es\/index.php\/wp-json\/wp\/v2\/posts\/7386","targetHints":{"allow":["GET"]}}],"collection":[{"href":"https:\/\/migrantesenigualdad.es\/index.php\/wp-json\/wp\/v2\/posts"}],"about":[{"href":"https:\/\/migrantesenigualdad.es\/index.php\/wp-json\/wp\/v2\/types\/post"}],"author":[{"embeddable":true,"href":"https:\/\/migrantesenigualdad.es\/index.php\/wp-json\/wp\/v2\/users\/1"}],"replies":[{"embeddable":true,"href":"https:\/\/migrantesenigualdad.es\/index.php\/wp-json\/wp\/v2\/comments?post=7386"}],"version-history":[{"count":4,"href":"https:\/\/migrantesenigualdad.es\/index.php\/wp-json\/wp\/v2\/posts\/7386\/revisions"}],"predecessor-version":[{"id":7415,"href":"https:\/\/migrantesenigualdad.es\/index.php\/wp-json\/wp\/v2\/posts\/7386\/revisions\/7415"}],"wp:featuredmedia":[{"embeddable":true,"href":"https:\/\/migrantesenigualdad.es\/index.php\/wp-json\/wp\/v2\/media\/7388"}],"wp:attachment":[{"href":"https:\/\/migrantesenigualdad.es\/index.php\/wp-json\/wp\/v2\/media?parent=7386"}],"wp:term":[{"taxonomy":"category","embeddable":true,"href":"https:\/\/migrantesenigualdad.es\/index.php\/wp-json\/wp\/v2\/categories?post=7386"},{"taxonomy":"post_tag","embeddable":true,"href":"https:\/\/migrantesenigualdad.es\/index.php\/wp-json\/wp\/v2\/tags?post=7386"}],"curies":[{"name":"wp","href":"https:\/\/api.w.org\/{rel}","templated":true}]}}