{"id":7366,"date":"2024-12-17T11:53:29","date_gmt":"2024-12-17T09:53:29","guid":{"rendered":"https:\/\/migrantesenigualdad.es\/?p=7366"},"modified":"2025-07-28T12:39:37","modified_gmt":"2025-07-28T10:39:37","slug":"manifiesto-10-de-diciembre-dia-internacional-de-los-derechos-humanos","status":"publish","type":"post","link":"https:\/\/migrantesenigualdad.es\/index.php\/2024\/12\/17\/manifiesto-10-de-diciembre-dia-internacional-de-los-derechos-humanos\/","title":{"rendered":"Manifiesto 10 de Diciembre: D\u00eda Internacional de los Derechos Humanos"},"content":{"rendered":"<p>[et_pb_section admin_label=\u00bbsection\u00bb]<br \/>\n\t\t\t[et_pb_row admin_label=\u00bbrow\u00bb]<br \/>\n\t\t\t\t[et_pb_column type=\u00bb4_4&#8243;][et_pb_text admin_label=\u00bbText\u00bb]<\/p>\n<p style=\"text-align: justify;\">Con motivo del<strong> D\u00eda Internacional de los Derechos Humanos<\/strong>, la Fundaci\u00f3n M\u00e1rgenes y V\u00ednculos quiere dar voz a la poblaci\u00f3n que vive en nuestras fronteras y que es de origen migrante, que viene de otros lugares y culturas. Es una poblaci\u00f3n que se encuentra en los m\u00e1rgenes de la sociedad, o que, incluso, es como si no existiera porque nadie le hace caso.<\/p>\n<p style=\"text-align: justify;\">No se nos debe olvidar que, antes de cualquier etiqueta que se nos ocurra para las mujeres y hombres que la componen, lo m\u00e1s importante es que todas ellas y ellos son <strong>personas<\/strong>.<\/p>\n<p style=\"text-align: justify;\">En un contexto en el que la diversidad cultural enriquece nuestras sociedades es crucial <strong>reconocer y proteger<\/strong> los derechos de todas las personas, independientemente de su origen.<\/p>\n<p style=\"text-align: justify;\">La comunidad internacional celebra cada a\u00f1o el <strong>10 de diciembre<\/strong> el D\u00eda Internacional de los Derechos Humanos. Es la fecha en que la<strong> Asamblea General de la Organizaci\u00f3n de las Naciones Unidas<\/strong>, en 1948, aprob\u00f3 la<strong> Declaraci\u00f3n Universal de Derechos Humanos. <\/strong>Este documento hist\u00f3rico establece derechos y libertades fundamentales que deben ser protegidos y <strong>su adopci\u00f3n fue un hito hist\u00f3rico<\/strong> en la promoci\u00f3n de la dignidad humana.<\/p>\n<p style=\"text-align: justify;\">La poblaci\u00f3n de origen o ascendencia migrante se enfrenta diariamente a <strong>graves y diferentes amenazas<\/strong>. Numerosas personas siguen siendo hoy, <strong>en silencio, v\u00edctimas de delitos de odio<\/strong> por motivos racistas, xen\u00f3fobos u otras razones, como la orientaci\u00f3n sexual, la edad, o la identidad de g\u00e9nero. Hoy estas personas siguen siendo la diana perfecta que recibe los dardos de la intolerancia y la discriminaci\u00f3n camuflados en discursos peligrosos que fomentan el sectarismo y ponen en<br \/>\npeligro la convivencia pac\u00edfica y la cohesi\u00f3n social.<\/p>\n<p style=\"text-align: justify;\">Estos ataques no s\u00f3lo <strong>vulneran la dignidad de las v\u00edctimas individuales<\/strong>, sino que tambi\u00e9n socavan la dignidad de<strong> las personas y los colectivos<\/strong> a los que pertenecen, adem\u00e1s de atentar contra los <strong>valores de igualdad y respeto<\/strong> que deben prevalecer en nuestra sociedad.<\/p>\n<p style=\"text-align: justify;\">Existe todo un movimiento ideol\u00f3gico represivo que intenta cargar todos los males del mundo sobre las personas de otro origen. Es algo nefasto que da\u00f1a la convivencia y fomenta guerras y odios. Sigue, hist\u00f3ricamente, los mismos patrones: hoy el objeto de los ataques es el diferente, ma\u00f1ana los ser\u00e1s t\u00fa. En estos momentos, todas y todos estamos en el punto de mira de los intolerantes.<\/p>\n<p style=\"text-align: justify;\">La Fundaci\u00f3n M\u00e1rgenes y V\u00ednculos, y en especial su proyecto Migrantes en igualdad, reafirma su compromiso con la protecci\u00f3n y promoci\u00f3n de los derechos humanos. Y se compromete a:<\/p>\n<ul style=\"text-align: justify;\">\n<li><strong>Ofrecer apoyo integral<\/strong> a las v\u00edctimas o potenciales v\u00edctimas de delitos de odio por motivaci\u00f3n racista, xen\u00f3foba u otras intolerancias asociadas, proporcion\u00e1ndoles<br \/>\nasistencia jur\u00eddica y apoyo psicosocial.<\/li>\n<li><strong>Crear conciencia<\/strong> sobre los derechos humanos y educar para <strong>el respeto<\/strong> y la coexistencia pac\u00edfica entre todas las comunidades.<\/li>\n<li><strong>Colaborar con otras organizaciones<\/strong> y entidades p\u00fablicas y privadas para <strong>crear y fortalecer redes<\/strong> que apoyen y protejan a las personas migrantes.<\/li>\n<li><strong>Condenar y hablar sobre<\/strong> todas las formas de <strong>discriminaci\u00f3n y violencia<\/strong> contra la poblaci\u00f3n migrante y<strong> trabajar para eliminarlas<\/strong> de nuestra sociedad.<\/li>\n<\/ul>\n<p style=\"text-align: justify;\">En este d\u00eda, invitamos a la ciudadan\u00eda a unirse a nuestra causa en la defensa de los derechos humanos de todas y todos. <strong>Esta uni\u00f3n nos facilitar\u00e1 la construcci\u00f3n de un futuro m\u00e1s justo e igualitario<\/strong> para toda la sociedad.<\/p>\n<p>[\/et_pb_text][\/et_pb_column]<br \/>\n\t\t\t[\/et_pb_row]<br \/>\n\t\t[\/et_pb_section]<\/p>\n","protected":false},"excerpt":{"rendered":"<p>Con motivo del D\u00eda Internacional de los Derechos Humanos, la Fundaci\u00f3n M\u00e1rgenes y V\u00ednculos quiere dar voz a la poblaci\u00f3n que vive en nuestras fronteras y que es de origen migrante, que viene de otros lugares y culturas. Es una poblaci\u00f3n que se encuentra en los m\u00e1rgenes de la sociedad, o que, incluso, es como [&hellip;]<\/p>\n","protected":false},"author":2,"featured_media":7367,"comment_status":"open","ping_status":"closed","sticky":false,"template":"","format":"standard","meta":{"_et_pb_use_builder":"on","_et_pb_old_content":"<p style=\"text-align: justify;\">Con motivo del<strong> D\u00eda Internacional de los Derechos Humanos<\/strong>, la Fundaci\u00f3n M\u00e1rgenes y V\u00ednculos quiere dar voz a la poblaci\u00f3n que vive en nuestras fronteras y que es de origen migrante, que viene de otros lugares y culturas. Es una poblaci\u00f3n que se encuentra en los m\u00e1rgenes de la sociedad, o que, incluso, es como si no existiera porque nadie le hace caso.<\/p>\r\n<p style=\"text-align: justify;\">No se nos debe olvidar que, antes de cualquier etiqueta que se nos ocurra para las mujeres y hombres que la componen, lo m\u00e1s importante es que todas ellas y ellos son <strong>personas<\/strong>.<\/p>\r\n<p style=\"text-align: justify;\">En un contexto en el que la diversidad cultural enriquece nuestras sociedades es crucial <strong>reconocer y proteger<\/strong> los derechos de todas las personas, independientemente de su origen.<\/p>\r\n<p style=\"text-align: justify;\">La comunidad internacional celebra cada a\u00f1o el <strong>10 de diciembre<\/strong> el D\u00eda Internacional de los Derechos Humanos. Es la fecha en que la<strong> Asamblea General de la Organizaci\u00f3n de las Naciones Unidas<\/strong>, en 1948, aprob\u00f3 la<strong> Declaraci\u00f3n Universal de Derechos Humanos. <\/strong>Este documento hist\u00f3rico establece derechos y libertades fundamentales que deben ser protegidos y <strong>su adopci\u00f3n fue un hito hist\u00f3rico<\/strong> en la promoci\u00f3n de la dignidad humana.<\/p>\r\n<p style=\"text-align: justify;\">La poblaci\u00f3n de origen o ascendencia migrante se enfrenta diariamente a <strong>graves y diferentes amenazas<\/strong>. Numerosas personas siguen siendo hoy, <strong>en silencio, v\u00edctimas de delitos de odio<\/strong> por motivos racistas, xen\u00f3fobos u otras razones, como la orientaci\u00f3n sexual, la edad, o la identidad de g\u00e9nero. Hoy estas personas siguen siendo la diana perfecta que recibe los dardos de la intolerancia y la discriminaci\u00f3n camuflados en discursos peligrosos que fomentan el sectarismo y ponen en\r\npeligro la convivencia pac\u00edfica y la cohesi\u00f3n social.<\/p>\r\n<p style=\"text-align: justify;\">Estos ataques no s\u00f3lo <strong>vulneran la dignidad de las v\u00edctimas individuales<\/strong>, sino que tambi\u00e9n socavan la dignidad de<strong> las personas y los colectivos<\/strong> a los que pertenecen, adem\u00e1s de atentar contra los <strong>valores de igualdad y respeto<\/strong> que deben prevalecer en nuestra sociedad.<\/p>\r\n<p style=\"text-align: justify;\">Existe todo un movimiento ideol\u00f3gico represivo que intenta cargar todos los males del mundo sobre las personas de otro origen. Es algo nefasto que da\u00f1a la convivencia y fomenta guerras y odios. Sigue, hist\u00f3ricamente, los mismos patrones: hoy el objeto de los ataques es el diferente, ma\u00f1ana los ser\u00e1s t\u00fa. En estos momentos, todas y todos estamos en el punto de mira de los intolerantes.<\/p>\r\n<p style=\"text-align: justify;\">La Fundaci\u00f3n M\u00e1rgenes y V\u00ednculos, y en especial su proyecto Migrantes en igualdad, reafirma su compromiso con la protecci\u00f3n y promoci\u00f3n de los derechos humanos. Y se compromete a:<\/p>\r\n\r\n<ul style=\"text-align: justify;\">\r\n \t<li><strong>Ofrecer apoyo integral<\/strong> a las v\u00edctimas o potenciales v\u00edctimas de delitos de odio por motivaci\u00f3n racista, xen\u00f3foba u otras intolerancias asociadas, proporcion\u00e1ndoles\r\nasistencia jur\u00eddica y apoyo psicosocial.<\/li>\r\n \t<li><strong>Crear conciencia<\/strong> sobre los derechos humanos y educar para <strong>el respeto<\/strong> y la coexistencia pac\u00edfica entre todas las comunidades.<\/li>\r\n \t<li><strong>Colaborar con otras organizaciones<\/strong> y entidades p\u00fablicas y privadas para <strong>crear y fortalecer redes<\/strong> que apoyen y protejan a las personas migrantes.<\/li>\r\n \t<li><strong>Condenar y hablar sobre<\/strong> todas las formas de <strong>discriminaci\u00f3n y violencia<\/strong> contra la poblaci\u00f3n migrante y<strong> trabajar para eliminarlas<\/strong> de nuestra sociedad.<\/li>\r\n<\/ul>\r\n<p style=\"text-align: justify;\">En este d\u00eda, invitamos a la ciudadan\u00eda a unirse a nuestra causa en la defensa de los derechos humanos de todas y todos. <strong>Esta uni\u00f3n nos facilitar\u00e1 la construcci\u00f3n de un futuro m\u00e1s justo e igualitario<\/strong> para toda la sociedad.<\/p>","_et_gb_content_width":"","_jetpack_newsletter_access":"","_jetpack_dont_email_post_to_subs":false,"_jetpack_newsletter_tier_id":0,"_jetpack_memberships_contains_paywalled_content":false,"_jetpack_feature_clip_id":0,"_jetpack_memberships_contains_paid_content":false,"footnotes":"","jetpack_post_was_ever_published":false},"categories":[1,260,246,231],"tags":[],"class_list":["post-7366","post","type-post","status-publish","format-standard","has-post-thumbnail","hentry","category-actualidad","category-boletin-9-23-12-2024","category-conmemoraciones","category-dia-internacional-de-los-dd-hh"],"jetpack_sharing_enabled":true,"jetpack_featured_media_url":"https:\/\/i0.wp.com\/migrantesenigualdad.es\/wp-content\/uploads\/2024\/12\/Sin-titulo.jpg?fit=792%2C176&ssl=1","post_mailing_queue_ids":[],"_links":{"self":[{"href":"https:\/\/migrantesenigualdad.es\/index.php\/wp-json\/wp\/v2\/posts\/7366","targetHints":{"allow":["GET"]}}],"collection":[{"href":"https:\/\/migrantesenigualdad.es\/index.php\/wp-json\/wp\/v2\/posts"}],"about":[{"href":"https:\/\/migrantesenigualdad.es\/index.php\/wp-json\/wp\/v2\/types\/post"}],"author":[{"embeddable":true,"href":"https:\/\/migrantesenigualdad.es\/index.php\/wp-json\/wp\/v2\/users\/2"}],"replies":[{"embeddable":true,"href":"https:\/\/migrantesenigualdad.es\/index.php\/wp-json\/wp\/v2\/comments?post=7366"}],"version-history":[{"count":3,"href":"https:\/\/migrantesenigualdad.es\/index.php\/wp-json\/wp\/v2\/posts\/7366\/revisions"}],"predecessor-version":[{"id":7724,"href":"https:\/\/migrantesenigualdad.es\/index.php\/wp-json\/wp\/v2\/posts\/7366\/revisions\/7724"}],"wp:featuredmedia":[{"embeddable":true,"href":"https:\/\/migrantesenigualdad.es\/index.php\/wp-json\/wp\/v2\/media\/7367"}],"wp:attachment":[{"href":"https:\/\/migrantesenigualdad.es\/index.php\/wp-json\/wp\/v2\/media?parent=7366"}],"wp:term":[{"taxonomy":"category","embeddable":true,"href":"https:\/\/migrantesenigualdad.es\/index.php\/wp-json\/wp\/v2\/categories?post=7366"},{"taxonomy":"post_tag","embeddable":true,"href":"https:\/\/migrantesenigualdad.es\/index.php\/wp-json\/wp\/v2\/tags?post=7366"}],"curies":[{"name":"wp","href":"https:\/\/api.w.org\/{rel}","templated":true}]}}