{"id":7344,"date":"2024-11-29T13:02:53","date_gmt":"2024-11-29T11:02:53","guid":{"rendered":"https:\/\/migrantesenigualdad.es\/?p=7344"},"modified":"2024-11-29T14:15:49","modified_gmt":"2024-11-29T12:15:49","slug":"estudio-de-investigacion-sobre-salud-mental-y-proceso-migratorio-que-presenta-columbares","status":"publish","type":"post","link":"https:\/\/migrantesenigualdad.es\/index.php\/2024\/11\/29\/estudio-de-investigacion-sobre-salud-mental-y-proceso-migratorio-que-presenta-columbares\/","title":{"rendered":"Estudio de Investigaci\u00f3n sobre salud mental y proceso migratorio que presenta Columbares"},"content":{"rendered":"<div data-olk-copy-source=\"MessageBody\">La Asociaci\u00f3n Columbares en colaboraci\u00f3n con el grupo de investigaci\u00f3n en cuidados avanzados de la Universidad de Murcia, ha desarrollado un proyecto a nivel nacional con el fin de analizar la realidad de los problemas de salud mental de las personas migrantes asociados al proceso migratorio en\u00a0el Estado Espa\u00f1ol.<\/div>\n<div>\n<p>El proyecto Migrants\u2019 Health surgi\u00f3 tras detectar la necesidad de disponer de datos m\u00e1s concretos sobre diferentes caracter\u00edsticas, aspectos y fases de los problemas de salud mental asociados al proceso migratorio, entre hombres y mujeres migrantes mayores de edad que viven en Espa\u00f1a. Esta investigaci\u00f3n analiz\u00f3 la calidad de vida y bienestar de las personas migrantes, as\u00ed como el impacto del proceso migratorio en la salud mental.<\/p>\n<p>Para acceder al estudio haga clic <a href=\"https:\/\/migrantesenigualdad.es\/wp-content\/uploads\/2024\/11\/Resultados-Investigacion-Salud-Mental-y-Proceso-Migratorio-comprimido-2-1-1.pdf\" target=\"_blank\" rel=\"noopener\">aqu\u00ed<\/a>.<\/p>\n<\/div>\n","protected":false},"excerpt":{"rendered":"<p>La Asociaci\u00f3n Columbares en colaboraci\u00f3n con el grupo de investigaci\u00f3n en cuidados avanzados de la Universidad de Murcia, ha desarrollado un proyecto a nivel nacional con el fin de analizar la realidad de los problemas de salud mental de las personas migrantes asociados al proceso migratorio en\u00a0el Estado Espa\u00f1ol. El proyecto Migrants\u2019 Health surgi\u00f3 tras [&hellip;]<\/p>\n","protected":false},"author":1,"featured_media":7346,"comment_status":"open","ping_status":"closed","sticky":false,"template":"","format":"standard","meta":{"_et_pb_use_builder":"","_et_pb_old_content":"","_et_gb_content_width":"","_jetpack_newsletter_access":"","_jetpack_dont_email_post_to_subs":false,"_jetpack_newsletter_tier_id":0,"_jetpack_memberships_contains_paywalled_content":false,"_jetpack_feature_clip_id":0,"_jetpack_memberships_contains_paid_content":false,"footnotes":"","jetpack_post_was_ever_published":false},"categories":[259,173],"tags":[],"class_list":["post-7344","post","type-post","status-publish","format-standard","has-post-thumbnail","hentry","category-boletin-8-29-11-2024","category-informes"],"jetpack_sharing_enabled":true,"jetpack_featured_media_url":"https:\/\/i0.wp.com\/migrantesenigualdad.es\/wp-content\/uploads\/2024\/11\/Captura-de-pantalla-2024-11-29-123115.png?fit=1532%2C952&ssl=1","post_mailing_queue_ids":[],"_links":{"self":[{"href":"https:\/\/migrantesenigualdad.es\/index.php\/wp-json\/wp\/v2\/posts\/7344","targetHints":{"allow":["GET"]}}],"collection":[{"href":"https:\/\/migrantesenigualdad.es\/index.php\/wp-json\/wp\/v2\/posts"}],"about":[{"href":"https:\/\/migrantesenigualdad.es\/index.php\/wp-json\/wp\/v2\/types\/post"}],"author":[{"embeddable":true,"href":"https:\/\/migrantesenigualdad.es\/index.php\/wp-json\/wp\/v2\/users\/1"}],"replies":[{"embeddable":true,"href":"https:\/\/migrantesenigualdad.es\/index.php\/wp-json\/wp\/v2\/comments?post=7344"}],"version-history":[{"count":2,"href":"https:\/\/migrantesenigualdad.es\/index.php\/wp-json\/wp\/v2\/posts\/7344\/revisions"}],"predecessor-version":[{"id":7352,"href":"https:\/\/migrantesenigualdad.es\/index.php\/wp-json\/wp\/v2\/posts\/7344\/revisions\/7352"}],"wp:featuredmedia":[{"embeddable":true,"href":"https:\/\/migrantesenigualdad.es\/index.php\/wp-json\/wp\/v2\/media\/7346"}],"wp:attachment":[{"href":"https:\/\/migrantesenigualdad.es\/index.php\/wp-json\/wp\/v2\/media?parent=7344"}],"wp:term":[{"taxonomy":"category","embeddable":true,"href":"https:\/\/migrantesenigualdad.es\/index.php\/wp-json\/wp\/v2\/categories?post=7344"},{"taxonomy":"post_tag","embeddable":true,"href":"https:\/\/migrantesenigualdad.es\/index.php\/wp-json\/wp\/v2\/tags?post=7344"}],"curies":[{"name":"wp","href":"https:\/\/api.w.org\/{rel}","templated":true}]}}