{"id":7340,"date":"2024-11-29T13:04:18","date_gmt":"2024-11-29T11:04:18","guid":{"rendered":"https:\/\/migrantesenigualdad.es\/?p=7340"},"modified":"2024-11-29T14:32:40","modified_gmt":"2024-11-29T12:32:40","slug":"margenes-y-vinculos-colabora-en-las-jornadas-sobre-delitos-de-odio-y-discriminacion-que-kamira-organiza-para-las-fuerzas-y-cuerpos-de-seguridad-del-estado","status":"publish","type":"post","link":"https:\/\/migrantesenigualdad.es\/index.php\/2024\/11\/29\/margenes-y-vinculos-colabora-en-las-jornadas-sobre-delitos-de-odio-y-discriminacion-que-kamira-organiza-para-las-fuerzas-y-cuerpos-de-seguridad-del-estado\/","title":{"rendered":"M\u00e1rgenes y V\u00ednculos colabora en las jornadas sobre delitos de odio y discriminaci\u00f3n que Kamira organiza para las Fuerzas y Cuerpos de Seguridad del Estado"},"content":{"rendered":"<div class=\"x_elementToProof\" data-olk-copy-source=\"MessageBody\">\n<div class=\"x_elementToProof\" data-olk-copy-source=\"MessageBody\">Ayer d\u00eda 28 de noviembre de 2024, nuestro proyecto Migrantes en Igualdad colabor\u00f3 en la Jornada de formaci\u00f3n sobre delitos de odio y discriminaci\u00f3n, dirigida a las Fuerzas y Cuerpos de Seguridad del Estado, que organiz\u00f3\u00a0<b>Kamira \u00a0<\/b>(Federaci\u00f3n de Asociaciones de mujeres gitanas de la provincia de M\u00e1laga) en colaboraci\u00f3n con la\u00a0<b>Oficina Nacional de Delitos de Odio<\/b>.\u00a0 Siendo una formaci\u00f3n que tuvo lugar en dependencias cedidas por la\u00a0<b>UCA\u00a0<\/b>y que finalmente, conseguimos poder ofertar a los integrantes de la Red de detecci\u00f3n y seguimiento de incidentes y\/o delitos de odio, la cual es una iniciativa de trabajo en red que parte del propio proyecto\u00a0<b>Migrantes en Igualdad<\/b>\u00a0y que la Fundaci\u00f3n M\u00e1rgenes y V\u00ednculos, pone a disposici\u00f3n de las diferentes entidades y organismos de la comarca para la lucha, denuncia y detecci\u00f3n de este tipo de delitos.<\/div>\n<div class=\"x_elementToProof\"><\/div>\n<div class=\"x_elementToProof\">La jornada de formaci\u00f3n fue impartida por Charo Alises, asesora jur\u00eddica de Kamira y experta en esta tipolog\u00eda delictiva.<\/div>\n<div><\/div>\n<div>Si quieres pertenecer a esta RED cont\u00e1ctanos en el 856 043 857 o escr\u00edbenos un mail a: www. migrantesenigualdad.es, donde adem\u00e1s puedes suscribirte a nuestra newsletter.<\/div>\n<\/div>\n<div><img data-recalc-dims=\"1\" loading=\"lazy\" decoding=\"async\" class=\"alignnone size-large wp-image-7342\" src=\"https:\/\/i0.wp.com\/migrantesenigualdad.es\/wp-content\/uploads\/2024\/11\/CARTEL-Jornadas-Delitos-de-odio-y-discriminacion-Kamira.png?resize=724%2C1024&#038;ssl=1\" alt=\"\" width=\"724\" height=\"1024\" \/><\/div>\n","protected":false},"excerpt":{"rendered":"<p>Ayer d\u00eda 28 de noviembre de 2024, nuestro proyecto Migrantes en Igualdad colabor\u00f3 en la Jornada de formaci\u00f3n sobre delitos de odio y discriminaci\u00f3n, dirigida a las Fuerzas y Cuerpos de Seguridad del Estado, que organiz\u00f3\u00a0Kamira \u00a0(Federaci\u00f3n de Asociaciones de mujeres gitanas de la provincia de M\u00e1laga) en colaboraci\u00f3n con la\u00a0Oficina Nacional de Delitos de [&hellip;]<\/p>\n","protected":false},"author":1,"featured_media":7341,"comment_status":"open","ping_status":"closed","sticky":false,"template":"","format":"standard","meta":{"_et_pb_use_builder":"","_et_pb_old_content":"","_et_gb_content_width":"","_jetpack_newsletter_access":"","_jetpack_dont_email_post_to_subs":false,"_jetpack_newsletter_tier_id":0,"_jetpack_memberships_contains_paywalled_content":false,"_jetpack_feature_clip_id":0,"_jetpack_memberships_contains_paid_content":false,"footnotes":"","jetpack_post_was_ever_published":false},"categories":[259,250],"tags":[],"class_list":["post-7340","post","type-post","status-publish","format-standard","has-post-thumbnail","hentry","category-boletin-8-29-11-2024","category-sesiones-informativas"],"jetpack_sharing_enabled":true,"jetpack_featured_media_url":"https:\/\/i0.wp.com\/migrantesenigualdad.es\/wp-content\/uploads\/2024\/11\/image.png?fit=1200%2C1600&ssl=1","post_mailing_queue_ids":[],"_links":{"self":[{"href":"https:\/\/migrantesenigualdad.es\/index.php\/wp-json\/wp\/v2\/posts\/7340","targetHints":{"allow":["GET"]}}],"collection":[{"href":"https:\/\/migrantesenigualdad.es\/index.php\/wp-json\/wp\/v2\/posts"}],"about":[{"href":"https:\/\/migrantesenigualdad.es\/index.php\/wp-json\/wp\/v2\/types\/post"}],"author":[{"embeddable":true,"href":"https:\/\/migrantesenigualdad.es\/index.php\/wp-json\/wp\/v2\/users\/1"}],"replies":[{"embeddable":true,"href":"https:\/\/migrantesenigualdad.es\/index.php\/wp-json\/wp\/v2\/comments?post=7340"}],"version-history":[{"count":4,"href":"https:\/\/migrantesenigualdad.es\/index.php\/wp-json\/wp\/v2\/posts\/7340\/revisions"}],"predecessor-version":[{"id":7362,"href":"https:\/\/migrantesenigualdad.es\/index.php\/wp-json\/wp\/v2\/posts\/7340\/revisions\/7362"}],"wp:featuredmedia":[{"embeddable":true,"href":"https:\/\/migrantesenigualdad.es\/index.php\/wp-json\/wp\/v2\/media\/7341"}],"wp:attachment":[{"href":"https:\/\/migrantesenigualdad.es\/index.php\/wp-json\/wp\/v2\/media?parent=7340"}],"wp:term":[{"taxonomy":"category","embeddable":true,"href":"https:\/\/migrantesenigualdad.es\/index.php\/wp-json\/wp\/v2\/categories?post=7340"},{"taxonomy":"post_tag","embeddable":true,"href":"https:\/\/migrantesenigualdad.es\/index.php\/wp-json\/wp\/v2\/tags?post=7340"}],"curies":[{"name":"wp","href":"https:\/\/api.w.org\/{rel}","templated":true}]}}