{"id":7320,"date":"2024-11-29T13:01:17","date_gmt":"2024-11-29T11:01:17","guid":{"rendered":"https:\/\/migrantesenigualdad.es\/?p=7320"},"modified":"2024-11-29T14:16:13","modified_gmt":"2024-11-29T12:16:13","slug":"literatura-antirracista-infantil-y-juvenil","status":"publish","type":"post","link":"https:\/\/migrantesenigualdad.es\/index.php\/2024\/11\/29\/literatura-antirracista-infantil-y-juvenil\/","title":{"rendered":"Literatura antirracista infantil y juvenil"},"content":{"rendered":"<header class=\"entry-header\">\n<h1 class=\"entry-title\"><strong style=\"color: #666666; font-size: 14px;\"><img data-recalc-dims=\"1\" loading=\"lazy\" decoding=\"async\" class=\"alignleft wp-image-7322 \" src=\"https:\/\/i0.wp.com\/migrantesenigualdad.es\/wp-content\/uploads\/2024\/11\/reporteros-2-todos-para-uno.png.png?resize=200%2C291&#038;ssl=1\" alt=\"\" width=\"200\" height=\"291\" srcset=\"https:\/\/i0.wp.com\/migrantesenigualdad.es\/wp-content\/uploads\/2024\/11\/reporteros-2-todos-para-uno.png.png?resize=206%2C300&amp;ssl=1 206w, https:\/\/i0.wp.com\/migrantesenigualdad.es\/wp-content\/uploads\/2024\/11\/reporteros-2-todos-para-uno.png.png?w=300&amp;ssl=1 300w\" sizes=\"(max-width: 200px) 100vw, 200px\" \/><\/strong><\/h1>\n<\/header>\n<div class=\"entry-content clearfix\">\n<h4 style=\"text-align: justify;\"><strong>Reporteros 2. Todos para uno\u2026<br \/>\n<\/strong><em>(Luigui Garlano)<\/em><\/h4>\n<p style=\"text-align: justify;\">\u00a1La amistad y el deporte son la combinaci\u00f3n perfecta para el \u00e9xito! \u00a1Y para una buena noticia tambi\u00e9n! Los Cebolletas jugar\u00e1n un partido ben\u00e9fico contra el racismo para apoyar a su amigo Diouff, al que algunos discriminan por el color de su piel, y los j\u00f3venes periodistas de \u00a1Reporteros! har\u00e1n la cr\u00f3nica para el mejor noticiero del barrio. \u00a1Seguro que saldr\u00e1 un peri\u00f3dico memorable!<\/p>\n<\/div>\n<p>&nbsp;<\/p>\n<p><strong style=\"color: #333333; font-size: 18px; text-align: justify;\"><img data-recalc-dims=\"1\" loading=\"lazy\" decoding=\"async\" class=\"wp-image-7323 alignright\" src=\"https:\/\/i0.wp.com\/migrantesenigualdad.es\/wp-content\/uploads\/2024\/11\/content.jpeg?resize=246%2C208&#038;ssl=1\" alt=\"\" width=\"246\" height=\"208\" \/><\/strong><\/p>\n<div class=\"entry-content clearfix\">\n<h4 style=\"text-align: justify;\"><strong>Mariama: Diferente pero igual<br \/>\n<\/strong><em>(Jer\u00f3nimo Cornelles y N\u00edvola Uy\u00e1)<\/em><\/h4>\n<p style=\"text-align: justify;\">Para Mariama, despu\u00e9s de un largo viaje en autom\u00f3vil, tren, barco y avi\u00f3n desde \u00c1frica, todo es nuevo. Va a descubrir un mundo donde las calles, la escuela y la comida son diferentes, pero \u00bfy las personas? Una bella historia sobre la identidad, el proceso de integraci\u00f3n y la solidaridad. \u00bfPreparados para conocer a Mariama y jugar con ella?<\/p>\n<p>&nbsp;<\/p>\n<p><strong><img data-recalc-dims=\"1\" loading=\"lazy\" decoding=\"async\" class=\"alignleft wp-image-7325\" src=\"https:\/\/i0.wp.com\/migrantesenigualdad.es\/wp-content\/uploads\/2024\/11\/El_autobus_de_Rosa-Fabrizio_Silei-Maurizio_A_C_Quarello.jpg?resize=200%2C312&#038;ssl=1\" alt=\"\" width=\"200\" height=\"312\" \/><\/strong><\/p>\n<h4><\/h4>\n<h4 style=\"text-align: justify;\"><strong>El autob\u00fas de Rosa<br \/>\n<\/strong><em>(Fabrizio Silei y Maurizio A.C. Quarello)<\/em><\/h4>\n<p style=\"text-align: justify;\">Detroit. Henry Ford Museum. Un abuelo afroamericano lleva a su nieto a ver el autob\u00fas en el que en 1955 Rosa Parks, cambi\u00f3 la historia de los Estados Unidos. El abuelo conoce bien esa historia, viajaba en ese autob\u00fas cuando Rosa se neg\u00f3 a ceder su asiento a un hombre blanco.<\/p>\n<\/div>\n<p>&nbsp;<\/p>\n<div class=\"entry-content clearfix\">\n<p><img data-recalc-dims=\"1\" loading=\"lazy\" decoding=\"async\" class=\"wp-image-7326 alignright\" src=\"https:\/\/i0.wp.com\/migrantesenigualdad.es\/wp-content\/uploads\/2024\/11\/51Syd-61zL.jpg?resize=200%2C222&#038;ssl=1\" alt=\"\" width=\"200\" height=\"222\" srcset=\"https:\/\/i0.wp.com\/migrantesenigualdad.es\/wp-content\/uploads\/2024\/11\/51Syd-61zL.jpg?resize=271%2C300&amp;ssl=1 271w, https:\/\/i0.wp.com\/migrantesenigualdad.es\/wp-content\/uploads\/2024\/11\/51Syd-61zL.jpg?w=451&amp;ssl=1 451w\" sizes=\"(max-width: 200px) 100vw, 200px\" \/><\/p>\n<h4 style=\"text-align: justify;\"><strong>Los colores de Mateo<br \/>\n<\/strong><em>(Marisa L\u00f3pez Soria)<\/em><\/h4>\n<p style=\"text-align: justify;\">Mateo es un ni\u00f1o negro como la noche y oscuro como un misterio. Adem\u00e1s es un ni\u00f1o adoptado. Su mam\u00e1 le cuenta que naci\u00f3 en una isla lejana del Caribe donde ella fue a buscarle para darle todo su amor y cari\u00f1o. Sin embargo, a\u00fan rodeado de ese cari\u00f1o, no siempre es f\u00e1cil para Mateo explicar a sus compa\u00f1eros de clase que el color de la piel o ser de otro pa\u00eds no es lo que importa y que debemos aceptarnos a pesar de nuestras diferencias.<\/p>\n<\/div>\n<p>&nbsp;<\/p>\n<p>&nbsp;<\/p>\n<p><strong style=\"color: #333333; font-size: 18px;\"><img data-recalc-dims=\"1\" loading=\"lazy\" decoding=\"async\" class=\"alignleft wp-image-7327\" src=\"https:\/\/i0.wp.com\/migrantesenigualdad.es\/wp-content\/uploads\/2024\/11\/9788498712155-.jpg?resize=200%2C240&#038;ssl=1\" alt=\"\" width=\"200\" height=\"240\" \/><\/strong><\/p>\n<div class=\"entry-content clearfix\">\n<h4 style=\"text-align: justify;\"><strong>Caja de cart\u00f3n<br \/>\n<\/strong><em>(Txabi Arnal &amp; Hassan Amekan)<\/em><\/h4>\n<p style=\"text-align: justify;\">En este \u00e1lbum, Txabi Arnal y el ilustrador iran\u00ed Hassan Amekan se unen para ofrecer una cr\u00f3nica de la inmigraci\u00f3n, pero desde un punto de vista muy diferente al que a diario nos presentan los telediarios y peri\u00f3dicos.<\/p>\n<h4><\/h4>\n<h4><\/h4>\n<\/div>\n<h4><\/h4>\n<p>&nbsp;<\/p>\n<div class=\"entry-content clearfix\">\n<h4 style=\"text-align: justify;\"><strong>Autobiograf\u00eda de un cobarde<\/strong><\/h4>\n<h4><strong><img data-recalc-dims=\"1\" loading=\"lazy\" decoding=\"async\" class=\"wp-image-7328 alignright\" src=\"https:\/\/i0.wp.com\/migrantesenigualdad.es\/wp-content\/uploads\/2024\/11\/autobiografia-de-un-cobarde.jpg?resize=200%2C323&#038;ssl=1\" alt=\"\" width=\"200\" height=\"323\" srcset=\"https:\/\/i0.wp.com\/migrantesenigualdad.es\/wp-content\/uploads\/2024\/11\/autobiografia-de-un-cobarde.jpg?resize=186%2C300&amp;ssl=1 186w, https:\/\/i0.wp.com\/migrantesenigualdad.es\/wp-content\/uploads\/2024\/11\/autobiografia-de-un-cobarde.jpg?w=353&amp;ssl=1 353w\" sizes=\"(max-width: 200px) 100vw, 200px\" \/><\/strong><\/h4>\n<h4 style=\"text-align: justify;\"><em>(Alfredo G\u00f3mez Cerd\u00e1)<\/em><\/h4>\n<p style=\"text-align: justify;\">\u00bfHasta d\u00f3nde est\u00e1s dispuesto a llegar por tus amigos? \u00bfHar\u00edas cualquier cosa que te pidieran? \u00bfEst\u00e1s seguro? Edu pensaba que s\u00ed y por eso, ahora, est\u00e1 en un callej\u00f3n oscuro, con un bast\u00f3n en la mano, esperando a que lleguen esos chavales peruanos a los que, junto a sus amigos, deber\u00e1 dar una paliza.<\/p>\n<\/div>\n<p>&nbsp;<\/p>\n<p>&nbsp;<\/p>\n<p><strong style=\"color: #333333; font-size: 18px;\"><img data-recalc-dims=\"1\" loading=\"lazy\" decoding=\"async\" class=\"alignleft wp-image-7329 \" src=\"https:\/\/i0.wp.com\/migrantesenigualdad.es\/wp-content\/uploads\/2024\/11\/978846753555-e1732274128672-190x300.jpeg?resize=200%2C316&#038;ssl=1\" alt=\"\" width=\"200\" height=\"316\" \/><\/strong><\/p>\n<div class=\"entry-content clearfix\">\n<h4 style=\"text-align: justify;\"><strong>Viaje de ida<br \/>\n<\/strong><em>(Dunia Esteban)<\/em><\/h4>\n<p style=\"text-align: justify;\">\u00bfC\u00f3mo sobrevivir\u00edas en un lugar donde solo hay pobreza y arena, si tu hermano se ha marchado en una patera y tu padre ha muerto de tristeza, cuando tu madre se ha visto obligada a casarse con un hombre que os maltrata a los dos? Me llamo \u00c1hmen y esta es mi historia.<\/p>\n<\/div>\n<p>&nbsp;<\/p>\n<p>&nbsp;<\/p>\n<p>&nbsp;<\/p>\n<p style=\"text-align: justify;\"><strong style=\"color: #333333; font-size: 18px;\">El color de mi piel<\/strong><em style=\"color: #333333; font-size: 18px;\">(Pat Thomas)<\/em><strong style=\"color: #333333; font-size: 18px;\"><img data-recalc-dims=\"1\" loading=\"lazy\" decoding=\"async\" class=\"wp-image-7330 alignright\" src=\"https:\/\/i0.wp.com\/migrantesenigualdad.es\/wp-content\/uploads\/2024\/11\/3647.jpg?resize=200%2C183&#038;ssl=1\" alt=\"\" width=\"200\" height=\"183\" \/><\/strong><\/p>\n<div class=\"entry-content clearfix\">\n<p style=\"text-align: justify;\">Este libro examina el tema del racismo. De un modo sencillo y sereno explora los miedos, las preocupaciones y los interrogantes que envuelven esta compleja cuesti\u00f3n. Los ni\u00f1os pueden aprender qu\u00e9 es el racismo y hacerle frente en sus propias vidas. El racismo es un tema complejo que despierta un amplio abanico de emociones en todos nosotros. A los ni\u00f1os les cuesta m\u00e1s que a los adultos expresar dichas emociones. Las familias y las escuelas pueden ayudar de muchas maneras. Incluye una gu\u00eda para utilizar este libro, bibliograf\u00eda y recursos para ni\u00f1os y adultos.<\/p>\n<p>&nbsp;<\/p>\n<p><strong><img data-recalc-dims=\"1\" loading=\"lazy\" decoding=\"async\" class=\"alignleft wp-image-7331\" src=\"https:\/\/i0.wp.com\/migrantesenigualdad.es\/wp-content\/uploads\/2024\/11\/visd_0000JPG00KS1.jpg?resize=200%2C305&#038;ssl=1\" alt=\"\" width=\"200\" height=\"305\" srcset=\"https:\/\/i0.wp.com\/migrantesenigualdad.es\/wp-content\/uploads\/2024\/11\/visd_0000JPG00KS1.jpg?resize=197%2C300&amp;ssl=1 197w, https:\/\/i0.wp.com\/migrantesenigualdad.es\/wp-content\/uploads\/2024\/11\/visd_0000JPG00KS1.jpg?w=450&amp;ssl=1 450w\" sizes=\"(max-width: 200px) 100vw, 200px\" \/><\/strong><\/p>\n<h4 style=\"text-align: justify;\"><strong>El regreso de Ulises<br \/>\n<\/strong><em>(Alberto Manguel y Max)<\/em><\/h4>\n<p style=\"text-align: justify;\">El ensayista y novelista argentino residente en Canad\u00e1 Alberto Manguel (Buenos Aires, 1948) y el dibujante e ilustrador Max (Barcelona, 1956), residente en Mallorca, re\u00fanen sus talentos en \u2018El regreso de Ulises\u2019, publicado por la editorial N\u00f3rdica.<\/p>\n<\/div>\n<p>&nbsp;<\/p>\n","protected":false},"excerpt":{"rendered":"<p>Reporteros 2. Todos para uno\u2026 (Luigui Garlano) \u00a1La amistad y el deporte son la combinaci\u00f3n perfecta para el \u00e9xito! \u00a1Y para una buena noticia tambi\u00e9n! Los Cebolletas jugar\u00e1n un partido ben\u00e9fico contra el racismo para apoyar a su amigo Diouff, al que algunos discriminan por el color de su piel, y los j\u00f3venes periodistas de [&hellip;]<\/p>\n","protected":false},"author":2,"featured_media":7332,"comment_status":"open","ping_status":"closed","sticky":false,"template":"","format":"standard","meta":{"_et_pb_use_builder":"","_et_pb_old_content":"","_et_gb_content_width":"","_jetpack_newsletter_access":"","_jetpack_dont_email_post_to_subs":false,"_jetpack_newsletter_tier_id":0,"_jetpack_memberships_contains_paywalled_content":false,"_jetpack_feature_clip_id":0,"_jetpack_memberships_contains_paid_content":false,"footnotes":"","jetpack_post_was_ever_published":false},"categories":[259,26],"tags":[],"class_list":["post-7320","post","type-post","status-publish","format-standard","has-post-thumbnail","hentry","category-boletin-8-29-11-2024","category-observatorio"],"jetpack_sharing_enabled":true,"jetpack_featured_media_url":"https:\/\/i0.wp.com\/migrantesenigualdad.es\/wp-content\/uploads\/2024\/11\/books-1841116_1920.jpg?fit=1282%2C1920&ssl=1","post_mailing_queue_ids":[],"_links":{"self":[{"href":"https:\/\/migrantesenigualdad.es\/index.php\/wp-json\/wp\/v2\/posts\/7320","targetHints":{"allow":["GET"]}}],"collection":[{"href":"https:\/\/migrantesenigualdad.es\/index.php\/wp-json\/wp\/v2\/posts"}],"about":[{"href":"https:\/\/migrantesenigualdad.es\/index.php\/wp-json\/wp\/v2\/types\/post"}],"author":[{"embeddable":true,"href":"https:\/\/migrantesenigualdad.es\/index.php\/wp-json\/wp\/v2\/users\/2"}],"replies":[{"embeddable":true,"href":"https:\/\/migrantesenigualdad.es\/index.php\/wp-json\/wp\/v2\/comments?post=7320"}],"version-history":[{"count":7,"href":"https:\/\/migrantesenigualdad.es\/index.php\/wp-json\/wp\/v2\/posts\/7320\/revisions"}],"predecessor-version":[{"id":7353,"href":"https:\/\/migrantesenigualdad.es\/index.php\/wp-json\/wp\/v2\/posts\/7320\/revisions\/7353"}],"wp:featuredmedia":[{"embeddable":true,"href":"https:\/\/migrantesenigualdad.es\/index.php\/wp-json\/wp\/v2\/media\/7332"}],"wp:attachment":[{"href":"https:\/\/migrantesenigualdad.es\/index.php\/wp-json\/wp\/v2\/media?parent=7320"}],"wp:term":[{"taxonomy":"category","embeddable":true,"href":"https:\/\/migrantesenigualdad.es\/index.php\/wp-json\/wp\/v2\/categories?post=7320"},{"taxonomy":"post_tag","embeddable":true,"href":"https:\/\/migrantesenigualdad.es\/index.php\/wp-json\/wp\/v2\/tags?post=7320"}],"curies":[{"name":"wp","href":"https:\/\/api.w.org\/{rel}","templated":true}]}}