{"id":7312,"date":"2024-11-29T13:00:02","date_gmt":"2024-11-29T11:00:02","guid":{"rendered":"https:\/\/migrantesenigualdad.es\/?p=7312"},"modified":"2024-11-29T14:23:01","modified_gmt":"2024-11-29T12:23:01","slug":"noticias-breves-5","status":"publish","type":"post","link":"https:\/\/migrantesenigualdad.es\/index.php\/2024\/11\/29\/noticias-breves-5\/","title":{"rendered":"Noticias breves"},"content":{"rendered":"<p>Recopilamos algunas de las noticias m\u00e1s relevantes sobre la migraci\u00f3n y el discurso de odio que han aparecido en la prensa recientemente. Mantente informado.<\/p>\n<hr \/>\n<h4 style=\"text-align: right;\">Diallo Sissoko, una v\u00edctima m\u00e1s del sistema de acogida a migrantes<\/h4>\n<p>Nos hacemos e<a href=\"https:\/\/www.elsaltodiario.com\/racismo\/diallo-sissoko-una-victima-del-sistema-acogida-migrantes\"><img data-recalc-dims=\"1\" loading=\"lazy\" decoding=\"async\" class=\" wp-image-7313 alignleft\" src=\"https:\/\/i0.wp.com\/migrantesenigualdad.es\/wp-content\/uploads\/2024\/11\/th.jpeg?resize=239%2C135&#038;ssl=1\" alt=\"\" width=\"239\" height=\"135\" srcset=\"https:\/\/i0.wp.com\/migrantesenigualdad.es\/wp-content\/uploads\/2024\/11\/th.jpeg?resize=300%2C169&amp;ssl=1 300w, https:\/\/i0.wp.com\/migrantesenigualdad.es\/wp-content\/uploads\/2024\/11\/th.jpeg?w=320&amp;ssl=1 320w\" sizes=\"(max-width: 239px) 100vw, 239px\" \/><\/a>co de esta noticia de El salto diario: La muerte de Diallo Sissoko durante su estancia en el Centro de Acogida, Emergencia y Derivaci\u00f3n (CAED) de Alcal\u00e1 de Henares ha puesto de manifiesto algunas de las deficiencias del sistema de acogida a migrantes en el estado espa\u00f1ol.<a href=\"https:\/\/www.elsaltodiario.com\/racismo\/diallo-sissoko-una-victima-del-sistema-acogida-migrantes\"> M\u00e1s informaci\u00f3n:<\/a><\/p>\n<p style=\"text-align: right;\"><span style=\"color: #00ccff;\"><a style=\"color: #00ccff;\" href=\"https:\/\/www.publico.es\/internacional\/documento-ue-advertia-anos-externalizar-migracion-ilegal.html#md=modulo-portada-bloque:2col-t4;mm=mobile-big\" target=\"_blank\" rel=\"noopener\">M\u00e1s informaci\u00f3n<\/a><\/span><\/p>\n<hr \/>\n<h4><img data-recalc-dims=\"1\" loading=\"lazy\" decoding=\"async\" class=\"wp-image-7315 alignleft\" src=\"https:\/\/i0.wp.com\/migrantesenigualdad.es\/wp-content\/uploads\/2024\/11\/1-9f245eb1.jpg?resize=243%2C137&#038;ssl=1\" alt=\"\" width=\"243\" height=\"137\" \/>Vivir la Dana como migrante. \u00abMuchos son invisibles para el Estado\u00bb<\/h4>\n<p>Levante diario mercantil pone el foco en la situaci\u00f3n de las personas migrantes durante la crisis de la Dana en Valencia.<\/p>\n<p style=\"text-align: right;\"><span style=\"color: #00ccff;\"><a style=\"color: #00ccff;\" href=\"https:\/\/www.levante-emv.com\/comunitat-valenciana\/2024\/11\/18\/dana-migrante-111700455.html\" target=\"_blank\" rel=\"noopener\">M\u00e1s informaci\u00f3n<\/a><\/span><\/p>\n<hr \/>\n<h4><img data-recalc-dims=\"1\" loading=\"lazy\" decoding=\"async\" class=\"alignleft wp-image-7316\" src=\"https:\/\/i0.wp.com\/migrantesenigualdad.es\/wp-content\/uploads\/2024\/11\/descarga-1.jpeg?resize=242%2C161&#038;ssl=1\" alt=\"\" width=\"242\" height=\"161\" \/>\u00abEs la reforma m\u00e1s integral y ambiciosa que se ha realizado en 13 a\u00f1os\u00bb<\/h4>\n<p>El ministerio de inclusi\u00f3n anuncia que el Gobierno aprueba un nuevo Reglamento de Extranjer\u00eda para mejorar la integraci\u00f3n de las personas migrantes a trav\u00e9s de tres palancas: trabajo, formaci\u00f3n y familia.<\/p>\n<p style=\"text-align: right;\"><span style=\"color: #00ccff;\"><a style=\"color: #00ccff;\" href=\"https:\/\/www.inclusion.gob.es\/w\/el-gobierno-aprueba-un-nuevo-reglamento-de-extranjeria-para-mejorar-la-integracion-de-las-personas-migrantes-a-traves-de-tres-palancas-trabajo-formacion-y-familia\" target=\"_blank\" rel=\"noopener\">M\u00e1s informaci\u00f3n<\/a><\/span><\/p>\n<hr \/>\n<p><img data-recalc-dims=\"1\" loading=\"lazy\" decoding=\"async\" class=\"alignleft wp-image-7317\" src=\"https:\/\/i0.wp.com\/migrantesenigualdad.es\/wp-content\/uploads\/2024\/11\/descarga-2.jpeg?resize=240%2C160&#038;ssl=1\" alt=\"\" width=\"240\" height=\"160\" \/><\/p>\n<h4 id=\"m63-62-64\">Un \u00abavance\u00bb que deja tareas pendientes<\/h4>\n<p>Diario P\u00fablico se\u00f1ala deficiencias en la reforma de la ley de extranjer\u00eda.<\/p>\n<p style=\"text-align: right;\"><span style=\"color: #00ccff;\"><a style=\"color: #00ccff;\" href=\"https:\/\/www.publico.es\/politica\/reforma-ley-extranjeria-avance-deja-tareas-pendientes-regularizacion-migrantes.html\" target=\"_blank\" rel=\"noopener\">M\u00e1s informaci\u00f3n<\/a><\/span><\/p>\n<p>&nbsp;<\/p>\n<hr \/>\n<p><img data-recalc-dims=\"1\" loading=\"lazy\" decoding=\"async\" class=\" wp-image-7355 alignleft\" src=\"https:\/\/i0.wp.com\/migrantesenigualdad.es\/wp-content\/uploads\/2024\/11\/AMP_9312.jpg?resize=237%2C158&#038;ssl=1\" alt=\"\" width=\"237\" height=\"158\" \/><\/p>\n<h4 id=\"m63-62-64\">La Fiscal\u00eda ve homofobia en el asesinato de Samuel Luiz y pide penas de 22 a 27 a\u00f1os de c\u00e1rcel<\/h4>\n<p>El Ministerio Fiscal atribuye a los acusados del crimen del joven coru\u00f1\u00e9s una \u201ccrueldad extrema\u201d para provocar su muerte y pide 304.143 euros para su familia. Destaca que la respuesta fue \u201cmucho m\u00e1s virulenta\u201d porque la v\u00edctima \u201cera homosexual\u201d.<\/p>\n<p style=\"text-align: right;\"><span style=\"color: #00ccff;\"><a style=\"color: #00ccff;\" href=\"https:\/\/www.elsaltodiario.com\/lgtbifobia\/fiscalia-ve-homofobia-asesinato-samuel-luiz-pide-penas-22-27-anos-carcel\" target=\"_blank\" rel=\"noopener\">M\u00e1s informaci\u00f3n<\/a><\/span><\/p>\n<hr \/>\n","protected":false},"excerpt":{"rendered":"<p>Recopilamos algunas de las noticias m\u00e1s relevantes sobre la migraci\u00f3n y el discurso de odio que han aparecido en la prensa recientemente. Mantente informado. Diallo Sissoko, una v\u00edctima m\u00e1s del sistema de acogida a migrantes Nos hacemos eco de esta noticia de El salto diario: La muerte de Diallo Sissoko durante su estancia en el [&hellip;]<\/p>\n","protected":false},"author":2,"featured_media":7017,"comment_status":"open","ping_status":"closed","sticky":false,"template":"","format":"standard","meta":{"_et_pb_use_builder":"","_et_pb_old_content":"","_et_gb_content_width":"","_jetpack_newsletter_access":"","_jetpack_dont_email_post_to_subs":false,"_jetpack_newsletter_tier_id":0,"_jetpack_memberships_contains_paywalled_content":false,"_jetpack_feature_clip_id":0,"_jetpack_memberships_contains_paid_content":false,"footnotes":"","jetpack_post_was_ever_published":false},"categories":[259],"tags":[],"class_list":["post-7312","post","type-post","status-publish","format-standard","has-post-thumbnail","hentry","category-boletin-8-29-11-2024"],"jetpack_sharing_enabled":true,"jetpack_featured_media_url":"https:\/\/i0.wp.com\/migrantesenigualdad.es\/wp-content\/uploads\/2024\/06\/old-texture-newspapers-stack-arrangement-scaled.jpg?fit=2560%2C1707&ssl=1","post_mailing_queue_ids":[],"_links":{"self":[{"href":"https:\/\/migrantesenigualdad.es\/index.php\/wp-json\/wp\/v2\/posts\/7312","targetHints":{"allow":["GET"]}}],"collection":[{"href":"https:\/\/migrantesenigualdad.es\/index.php\/wp-json\/wp\/v2\/posts"}],"about":[{"href":"https:\/\/migrantesenigualdad.es\/index.php\/wp-json\/wp\/v2\/types\/post"}],"author":[{"embeddable":true,"href":"https:\/\/migrantesenigualdad.es\/index.php\/wp-json\/wp\/v2\/users\/2"}],"replies":[{"embeddable":true,"href":"https:\/\/migrantesenigualdad.es\/index.php\/wp-json\/wp\/v2\/comments?post=7312"}],"version-history":[{"count":7,"href":"https:\/\/migrantesenigualdad.es\/index.php\/wp-json\/wp\/v2\/posts\/7312\/revisions"}],"predecessor-version":[{"id":7360,"href":"https:\/\/migrantesenigualdad.es\/index.php\/wp-json\/wp\/v2\/posts\/7312\/revisions\/7360"}],"wp:featuredmedia":[{"embeddable":true,"href":"https:\/\/migrantesenigualdad.es\/index.php\/wp-json\/wp\/v2\/media\/7017"}],"wp:attachment":[{"href":"https:\/\/migrantesenigualdad.es\/index.php\/wp-json\/wp\/v2\/media?parent=7312"}],"wp:term":[{"taxonomy":"category","embeddable":true,"href":"https:\/\/migrantesenigualdad.es\/index.php\/wp-json\/wp\/v2\/categories?post=7312"},{"taxonomy":"post_tag","embeddable":true,"href":"https:\/\/migrantesenigualdad.es\/index.php\/wp-json\/wp\/v2\/tags?post=7312"}],"curies":[{"name":"wp","href":"https:\/\/api.w.org\/{rel}","templated":true}]}}