{"id":7297,"date":"2024-10-30T14:02:20","date_gmt":"2024-10-30T12:02:20","guid":{"rendered":"https:\/\/migrantesenigualdad.es\/?p=7297"},"modified":"2024-10-31T15:38:12","modified_gmt":"2024-10-31T13:38:12","slug":"el-odio-una-pasion-moderna","status":"publish","type":"post","link":"https:\/\/migrantesenigualdad.es\/index.php\/2024\/10\/30\/el-odio-una-pasion-moderna\/","title":{"rendered":"El odio, \u00bfuna pasi\u00f3n moderna?"},"content":{"rendered":"<p>M\u00e1s de 25 a\u00f1os despu\u00e9s, el editor, cr\u00edtico literario y articulista Ignacio Echevarr\u00eda revisa, recicla y resume las palabras con las que intervino en uno de los seminarios de antropolog\u00eda de la conducta organizados por la Universidad de C\u00e1diz y dirigidos, en San Roque, por el psiquiatra Carlos Castilla del Pino, all\u00e1 por 1997.<\/p>\n<p>A pesar de que la situaci\u00f3n pol\u00edtica y social actual difiere significativamente de la que di\u00f3 origen a esos seminarios, aunque las semillas de lo que hoy vivimos comenzaron a sembrarse en aquel entonces, es pertinente en el contexto de las crecientes pol\u00edticas del odio, reflexionar sobre este sentimiento, apoy\u00e1ndonos en algunos referentes te\u00f3ricos y culturales.<\/p>\n<p>El peri\u00f3dico digital Contexto y Acci\u00f3n, Ignacio Echevarr\u00eda reflexiona sobre las ra\u00edces antropol\u00f3gicas y culturales del odio en un art\u00edculo que titula <em>El odio, \u00bfuna pasi\u00f3n moderna?<\/em><\/p>\n<p>Para leer el art\u00edculo haga clic <a href=\"https:\/\/ctxt.es\/es\/20241001\/Culturas\/47680\/ignacio-echevarria-odio-modernidad-walter-benjamin-jean-baudrillard.htm\" target=\"_blank\" rel=\"noopener\">aqu\u00ed<\/a>.<\/p>\n","protected":false},"excerpt":{"rendered":"<p>M\u00e1s de 25 a\u00f1os despu\u00e9s, el editor, cr\u00edtico literario y articulista Ignacio Echevarr\u00eda revisa, recicla y resume las palabras con las que intervino en uno de los seminarios de antropolog\u00eda de la conducta organizados por la Universidad de C\u00e1diz y dirigidos, en San Roque, por el psiquiatra Carlos Castilla del Pino, all\u00e1 por 1997. A [&hellip;]<\/p>\n","protected":false},"author":1,"featured_media":7298,"comment_status":"open","ping_status":"closed","sticky":false,"template":"","format":"standard","meta":{"_et_pb_use_builder":"","_et_pb_old_content":"","_et_gb_content_width":"","_jetpack_newsletter_access":"","_jetpack_dont_email_post_to_subs":false,"_jetpack_newsletter_tier_id":0,"_jetpack_memberships_contains_paywalled_content":false,"_jetpack_feature_clip_id":0,"_jetpack_memberships_contains_paid_content":false,"footnotes":"","jetpack_post_was_ever_published":false},"categories":[258],"tags":[],"class_list":["post-7297","post","type-post","status-publish","format-standard","has-post-thumbnail","hentry","category-boletin-7-31-10-2024"],"jetpack_sharing_enabled":true,"jetpack_featured_media_url":"https:\/\/i0.wp.com\/migrantesenigualdad.es\/wp-content\/uploads\/2024\/10\/images_cms-image-000035995.jpg?fit=800%2C531&ssl=1","post_mailing_queue_ids":[],"_links":{"self":[{"href":"https:\/\/migrantesenigualdad.es\/index.php\/wp-json\/wp\/v2\/posts\/7297","targetHints":{"allow":["GET"]}}],"collection":[{"href":"https:\/\/migrantesenigualdad.es\/index.php\/wp-json\/wp\/v2\/posts"}],"about":[{"href":"https:\/\/migrantesenigualdad.es\/index.php\/wp-json\/wp\/v2\/types\/post"}],"author":[{"embeddable":true,"href":"https:\/\/migrantesenigualdad.es\/index.php\/wp-json\/wp\/v2\/users\/1"}],"replies":[{"embeddable":true,"href":"https:\/\/migrantesenigualdad.es\/index.php\/wp-json\/wp\/v2\/comments?post=7297"}],"version-history":[{"count":4,"href":"https:\/\/migrantesenigualdad.es\/index.php\/wp-json\/wp\/v2\/posts\/7297\/revisions"}],"predecessor-version":[{"id":7307,"href":"https:\/\/migrantesenigualdad.es\/index.php\/wp-json\/wp\/v2\/posts\/7297\/revisions\/7307"}],"wp:featuredmedia":[{"embeddable":true,"href":"https:\/\/migrantesenigualdad.es\/index.php\/wp-json\/wp\/v2\/media\/7298"}],"wp:attachment":[{"href":"https:\/\/migrantesenigualdad.es\/index.php\/wp-json\/wp\/v2\/media?parent=7297"}],"wp:term":[{"taxonomy":"category","embeddable":true,"href":"https:\/\/migrantesenigualdad.es\/index.php\/wp-json\/wp\/v2\/categories?post=7297"},{"taxonomy":"post_tag","embeddable":true,"href":"https:\/\/migrantesenigualdad.es\/index.php\/wp-json\/wp\/v2\/tags?post=7297"}],"curies":[{"name":"wp","href":"https:\/\/api.w.org\/{rel}","templated":true}]}}