{"id":7278,"date":"2024-10-30T14:03:28","date_gmt":"2024-10-30T12:03:28","guid":{"rendered":"https:\/\/migrantesenigualdad.es\/?p=7278"},"modified":"2024-10-30T15:51:19","modified_gmt":"2024-10-30T13:51:19","slug":"7278","status":"publish","type":"post","link":"https:\/\/migrantesenigualdad.es\/index.php\/2024\/10\/30\/7278\/","title":{"rendered":"Hilando Voces. Un estudio de Cotec sobre el discurso de odio en el \u00e1mbito educativo."},"content":{"rendered":"<p>El equipo de la Fundaci\u00f3n Cotec, una organizaci\u00f3n privada sin \u00e1nimo de lucro cuya misi\u00f3n es promover la innovaci\u00f3n como motor de desarrollo econ\u00f3mico y social, ha adoptado un nuevo enfoque metodol\u00f3gico para abordar el creciente problema del discurso de odio en las escuelas, tanto en entornos f\u00edsicos como digitales. En colaboraci\u00f3n con la Universidad Complutense de Madrid, iniciaron en 2022 una investigaci\u00f3n pionera que combina encuestas y grupos focales, abarcando a 3.260 personas de 22 centros educativos en cinco comunidades aut\u00f3nomas.<\/p>\n<p>El estudio Hilando voces: estudio del discurso de odio en la escuela se centra en la ESO y el Bachillerato, identificando las causas principales de las agresiones: conductas de superioridad, problemas de empat\u00eda y percepci\u00f3n negativa de lo diferente. M\u00e1s del 35% de los encuestados han sido v\u00edctimas de agresiones, siendo las verbales las m\u00e1s comunes, seguidas de las psicol\u00f3gicas y sociales. Adem\u00e1s, m\u00e1s del 80% de estas agresiones ocurren en redes sociales.<\/p>\n<p>La investigaci\u00f3n tambi\u00e9n destaca que el 44% de las v\u00edctimas han sufrido violencia f\u00edsica, y que las agresiones m\u00e1s percibidas incluyen humillaciones, agresiones f\u00edsicas y el reenv\u00edo de fotos y videos sin consentimiento.<\/p>\n<p><a href=\"https:\/\/migrantesenigualdad.es\/wp-content\/uploads\/2024\/10\/ESTUDIO_COTEC_HILANDO-VOCES_octubre2024.pdf\">Puedes acceder al estudio completo pinchando aqu\u00ed<\/a><\/p>\n","protected":false},"excerpt":{"rendered":"<p>El equipo de la Fundaci\u00f3n Cotec, una organizaci\u00f3n privada sin \u00e1nimo de lucro cuya misi\u00f3n es promover la innovaci\u00f3n como motor de desarrollo econ\u00f3mico y social, ha adoptado un nuevo enfoque metodol\u00f3gico para abordar el creciente problema del discurso de odio en las escuelas, tanto en entornos f\u00edsicos como digitales. En colaboraci\u00f3n con la Universidad [&hellip;]<\/p>\n","protected":false},"author":2,"featured_media":7282,"comment_status":"open","ping_status":"closed","sticky":false,"template":"","format":"standard","meta":{"_et_pb_use_builder":"","_et_pb_old_content":"","_et_gb_content_width":"","_jetpack_newsletter_access":"","_jetpack_dont_email_post_to_subs":false,"_jetpack_newsletter_tier_id":0,"_jetpack_memberships_contains_paywalled_content":false,"_jetpack_feature_clip_id":0,"_jetpack_memberships_contains_paid_content":false,"footnotes":"","jetpack_post_was_ever_published":false},"categories":[258,173],"tags":[],"class_list":["post-7278","post","type-post","status-publish","format-standard","has-post-thumbnail","hentry","category-boletin-7-31-10-2024","category-informes"],"jetpack_sharing_enabled":true,"jetpack_featured_media_url":"https:\/\/i0.wp.com\/migrantesenigualdad.es\/wp-content\/uploads\/2024\/10\/portada-hilando-voces-1.png?fit=371%2C578&ssl=1","post_mailing_queue_ids":[],"_links":{"self":[{"href":"https:\/\/migrantesenigualdad.es\/index.php\/wp-json\/wp\/v2\/posts\/7278","targetHints":{"allow":["GET"]}}],"collection":[{"href":"https:\/\/migrantesenigualdad.es\/index.php\/wp-json\/wp\/v2\/posts"}],"about":[{"href":"https:\/\/migrantesenigualdad.es\/index.php\/wp-json\/wp\/v2\/types\/post"}],"author":[{"embeddable":true,"href":"https:\/\/migrantesenigualdad.es\/index.php\/wp-json\/wp\/v2\/users\/2"}],"replies":[{"embeddable":true,"href":"https:\/\/migrantesenigualdad.es\/index.php\/wp-json\/wp\/v2\/comments?post=7278"}],"version-history":[{"count":3,"href":"https:\/\/migrantesenigualdad.es\/index.php\/wp-json\/wp\/v2\/posts\/7278\/revisions"}],"predecessor-version":[{"id":7285,"href":"https:\/\/migrantesenigualdad.es\/index.php\/wp-json\/wp\/v2\/posts\/7278\/revisions\/7285"}],"wp:featuredmedia":[{"embeddable":true,"href":"https:\/\/migrantesenigualdad.es\/index.php\/wp-json\/wp\/v2\/media\/7282"}],"wp:attachment":[{"href":"https:\/\/migrantesenigualdad.es\/index.php\/wp-json\/wp\/v2\/media?parent=7278"}],"wp:term":[{"taxonomy":"category","embeddable":true,"href":"https:\/\/migrantesenigualdad.es\/index.php\/wp-json\/wp\/v2\/categories?post=7278"},{"taxonomy":"post_tag","embeddable":true,"href":"https:\/\/migrantesenigualdad.es\/index.php\/wp-json\/wp\/v2\/tags?post=7278"}],"curies":[{"name":"wp","href":"https:\/\/api.w.org\/{rel}","templated":true}]}}