{"id":7241,"date":"2024-09-30T14:02:15","date_gmt":"2024-09-30T12:02:15","guid":{"rendered":"https:\/\/migrantesenigualdad.es\/?p=7241"},"modified":"2024-10-01T11:27:25","modified_gmt":"2024-10-01T09:27:25","slug":"noticias-breves-3","status":"publish","type":"post","link":"https:\/\/migrantesenigualdad.es\/index.php\/2024\/09\/30\/noticias-breves-3\/","title":{"rendered":"Noticias breves"},"content":{"rendered":"<h4><img data-recalc-dims=\"1\" loading=\"lazy\" decoding=\"async\" class=\" wp-image-7242 alignleft\" src=\"https:\/\/i0.wp.com\/migrantesenigualdad.es\/wp-content\/uploads\/2024\/09\/66ef101bcb9fb.webp?resize=251%2C167&#038;ssl=1\" alt=\"\" width=\"251\" height=\"167\" \/>\u00a1BIENVENIDOS!<\/h4>\n<p>Esta notica de P\u00fablico destaca la historia de A Ulloa, en Lugo, donde reciben con una fiesta a m\u00e1s de un centenar de migrantes subsaharianos y dan ejemplo de solidaridad y empat\u00eda. Y es que no todo lo concerniente al reparto de migrantes desde Canarias al resto de Comunidades Aut\u00f3nomas, son malas noticias.<\/p>\n<p style=\"text-align: right;\"><a href=\"https:\/\/www.publico.es\/politica\/solidaridad-migrantes-pueblo-gallego-alaba-the-guardian.html#md=modulo-portada-bloque:2col-t4;mm=mobile-medium\" target=\"_blank\" rel=\"noopener\">M\u00e1s informaci\u00f3n<\/a><\/p>\n<p>&nbsp;<\/p>\n<hr \/>\n<h4><\/h4>\n<h4>\u00a0<img data-recalc-dims=\"1\" loading=\"lazy\" decoding=\"async\" class=\"wp-image-7243 alignleft\" src=\"https:\/\/i0.wp.com\/migrantesenigualdad.es\/wp-content\/uploads\/2024\/09\/1-053e996c.jpeg?resize=250%2C180&#038;ssl=1\" alt=\"\" width=\"250\" height=\"180\" \/>GENERANDO RA\u00cdCES<\/h4>\n<p>Este art\u00edculo de El Pa\u00eds muestra algunos ejemplos de c\u00f3mo ha sido la adaptaci\u00f3n de algunos de los hijos de aquellos migrantes que llegaron a Espa\u00f1a a principios del siglo XXI. Historias de desarraigo, y superaci\u00f3n.<\/p>\n<p style=\"text-align: right;\"><a href=\"https:\/\/elpais.com\/espana\/2024-09-21\/los-hijos-de-los-primeros-inmigrantes-conquistan-su-espacio-en-espana.html\" target=\"_blank\" rel=\"noopener\">M\u00e1s informaci\u00f3n<\/a><\/p>\n","protected":false},"excerpt":{"rendered":"<p>\u00a1BIENVENIDOS! Esta notica de P\u00fablico destaca la historia de A Ulloa, en Lugo, donde reciben con una fiesta a m\u00e1s de un centenar de migrantes subsaharianos y dan ejemplo de solidaridad y empat\u00eda. Y es que no todo lo concerniente al reparto de migrantes desde Canarias al resto de Comunidades Aut\u00f3nomas, son malas noticias. M\u00e1s [&hellip;]<\/p>\n","protected":false},"author":1,"featured_media":7017,"comment_status":"open","ping_status":"closed","sticky":false,"template":"","format":"standard","meta":{"_et_pb_use_builder":"","_et_pb_old_content":"","_et_gb_content_width":"","_jetpack_newsletter_access":"","_jetpack_dont_email_post_to_subs":false,"_jetpack_newsletter_tier_id":0,"_jetpack_memberships_contains_paywalled_content":false,"_jetpack_feature_clip_id":0,"_jetpack_memberships_contains_paid_content":false,"footnotes":"","jetpack_post_was_ever_published":false},"categories":[257],"tags":[],"class_list":["post-7241","post","type-post","status-publish","format-standard","has-post-thumbnail","hentry","category-boletin-6-30-09-2024"],"jetpack_sharing_enabled":true,"jetpack_featured_media_url":"https:\/\/i0.wp.com\/migrantesenigualdad.es\/wp-content\/uploads\/2024\/06\/old-texture-newspapers-stack-arrangement-scaled.jpg?fit=2560%2C1707&ssl=1","post_mailing_queue_ids":[],"_links":{"self":[{"href":"https:\/\/migrantesenigualdad.es\/index.php\/wp-json\/wp\/v2\/posts\/7241","targetHints":{"allow":["GET"]}}],"collection":[{"href":"https:\/\/migrantesenigualdad.es\/index.php\/wp-json\/wp\/v2\/posts"}],"about":[{"href":"https:\/\/migrantesenigualdad.es\/index.php\/wp-json\/wp\/v2\/types\/post"}],"author":[{"embeddable":true,"href":"https:\/\/migrantesenigualdad.es\/index.php\/wp-json\/wp\/v2\/users\/1"}],"replies":[{"embeddable":true,"href":"https:\/\/migrantesenigualdad.es\/index.php\/wp-json\/wp\/v2\/comments?post=7241"}],"version-history":[{"count":1,"href":"https:\/\/migrantesenigualdad.es\/index.php\/wp-json\/wp\/v2\/posts\/7241\/revisions"}],"predecessor-version":[{"id":7244,"href":"https:\/\/migrantesenigualdad.es\/index.php\/wp-json\/wp\/v2\/posts\/7241\/revisions\/7244"}],"wp:featuredmedia":[{"embeddable":true,"href":"https:\/\/migrantesenigualdad.es\/index.php\/wp-json\/wp\/v2\/media\/7017"}],"wp:attachment":[{"href":"https:\/\/migrantesenigualdad.es\/index.php\/wp-json\/wp\/v2\/media?parent=7241"}],"wp:term":[{"taxonomy":"category","embeddable":true,"href":"https:\/\/migrantesenigualdad.es\/index.php\/wp-json\/wp\/v2\/categories?post=7241"},{"taxonomy":"post_tag","embeddable":true,"href":"https:\/\/migrantesenigualdad.es\/index.php\/wp-json\/wp\/v2\/tags?post=7241"}],"curies":[{"name":"wp","href":"https:\/\/api.w.org\/{rel}","templated":true}]}}