{"id":7236,"date":"2024-09-30T14:03:20","date_gmt":"2024-09-30T12:03:20","guid":{"rendered":"https:\/\/migrantesenigualdad.es\/?p=7236"},"modified":"2024-10-25T13:04:02","modified_gmt":"2024-10-25T11:04:02","slug":"estudio-del-oberaxe","status":"publish","type":"post","link":"https:\/\/migrantesenigualdad.es\/index.php\/2024\/09\/30\/estudio-del-oberaxe\/","title":{"rendered":"Estudio del oberaxe"},"content":{"rendered":"<div>En 2023, Espa\u00f1a alcanz\u00f3 r\u00e9cords en solicitudes de protecci\u00f3n internacional, entradas irregulares y saldo migratorio positivo. El siguiente informe, publicado por el Foro por la Integraci\u00f3n Social de los Inmigrantes, se presenta en un contexto de acuerdos europeos que priorizan una gesti\u00f3n fronteriza restrictiva y descuidan la integraci\u00f3n. Adem\u00e1s, llega en un momento cr\u00edtico marcado por el aumento de discursos de odio y desinformaci\u00f3n contra los inmigrantes, y las elecciones al Parlamento Europeo de junio de 2024.<\/div>\n<div>\n<p>Este Informe, analiza la situaci\u00f3n de los inmigrantes desde una perspectiva de Derechos Humanos e intercultural, destacando tanto pr\u00e1cticas discriminatorias como avances positivos en integraci\u00f3n.<\/p>\n<p>Accede al estudio haciendo clic <a href=\"https:\/\/migrantesenigualdad.es\/wp-content\/uploads\/2024\/09\/INFORME_FISI_2023_accesible.pdf\" target=\"_blank\" rel=\"noopener\">aqu\u00ed<\/a>.<\/p>\n<\/div>\n","protected":false},"excerpt":{"rendered":"<p>En 2023, Espa\u00f1a alcanz\u00f3 r\u00e9cords en solicitudes de protecci\u00f3n internacional, entradas irregulares y saldo migratorio positivo. El siguiente informe, publicado por el Foro por la Integraci\u00f3n Social de los Inmigrantes, se presenta en un contexto de acuerdos europeos que priorizan una gesti\u00f3n fronteriza restrictiva y descuidan la integraci\u00f3n. Adem\u00e1s, llega en un momento cr\u00edtico marcado [&hellip;]<\/p>\n","protected":false},"author":1,"featured_media":7238,"comment_status":"open","ping_status":"closed","sticky":false,"template":"","format":"standard","meta":{"_et_pb_use_builder":"","_et_pb_old_content":"","_et_gb_content_width":"","_jetpack_newsletter_access":"","_jetpack_dont_email_post_to_subs":false,"_jetpack_newsletter_tier_id":0,"_jetpack_memberships_contains_paywalled_content":false,"_jetpack_feature_clip_id":0,"_jetpack_memberships_contains_paid_content":false,"footnotes":"","jetpack_post_was_ever_published":false},"categories":[257,173],"tags":[],"class_list":["post-7236","post","type-post","status-publish","format-standard","has-post-thumbnail","hentry","category-boletin-6-30-09-2024","category-informes"],"jetpack_sharing_enabled":true,"jetpack_featured_media_url":"https:\/\/i0.wp.com\/migrantesenigualdad.es\/wp-content\/uploads\/2024\/09\/Captura-de-pantalla-2024-09-30-141945.png?fit=762%2C435&ssl=1","post_mailing_queue_ids":[],"_links":{"self":[{"href":"https:\/\/migrantesenigualdad.es\/index.php\/wp-json\/wp\/v2\/posts\/7236","targetHints":{"allow":["GET"]}}],"collection":[{"href":"https:\/\/migrantesenigualdad.es\/index.php\/wp-json\/wp\/v2\/posts"}],"about":[{"href":"https:\/\/migrantesenigualdad.es\/index.php\/wp-json\/wp\/v2\/types\/post"}],"author":[{"embeddable":true,"href":"https:\/\/migrantesenigualdad.es\/index.php\/wp-json\/wp\/v2\/users\/1"}],"replies":[{"embeddable":true,"href":"https:\/\/migrantesenigualdad.es\/index.php\/wp-json\/wp\/v2\/comments?post=7236"}],"version-history":[{"count":2,"href":"https:\/\/migrantesenigualdad.es\/index.php\/wp-json\/wp\/v2\/posts\/7236\/revisions"}],"predecessor-version":[{"id":7283,"href":"https:\/\/migrantesenigualdad.es\/index.php\/wp-json\/wp\/v2\/posts\/7236\/revisions\/7283"}],"wp:featuredmedia":[{"embeddable":true,"href":"https:\/\/migrantesenigualdad.es\/index.php\/wp-json\/wp\/v2\/media\/7238"}],"wp:attachment":[{"href":"https:\/\/migrantesenigualdad.es\/index.php\/wp-json\/wp\/v2\/media?parent=7236"}],"wp:term":[{"taxonomy":"category","embeddable":true,"href":"https:\/\/migrantesenigualdad.es\/index.php\/wp-json\/wp\/v2\/categories?post=7236"},{"taxonomy":"post_tag","embeddable":true,"href":"https:\/\/migrantesenigualdad.es\/index.php\/wp-json\/wp\/v2\/tags?post=7236"}],"curies":[{"name":"wp","href":"https:\/\/api.w.org\/{rel}","templated":true}]}}