{"id":7231,"date":"2024-09-30T14:01:25","date_gmt":"2024-09-30T12:01:25","guid":{"rendered":"https:\/\/migrantesenigualdad.es\/?p=7231"},"modified":"2024-10-01T14:47:25","modified_gmt":"2024-10-01T12:47:25","slug":"socialmind","status":"publish","type":"post","link":"https:\/\/migrantesenigualdad.es\/index.php\/2024\/09\/30\/socialmind\/","title":{"rendered":"Podcast de Javier de Diego sobre la preocupaci\u00f3n de los espa\u00f1oles con respecto a la inmigraci\u00f3n \u00bfQu\u00e9 dice la encuesta del CIS?"},"content":{"rendered":"<p>Javi de Diego es Soci\u00f3logo y tiene un podcast en YouTube llamado \u201cSocialmind\u201d en \u00e9l habla en clips cortos sobre realidades sociales en Espa\u00f1a, natalidad, prostituci\u00f3n, nupcialidad\u2026 etc, en este cap\u00edtulo que os compartimos analiza el bar\u00f3metro del CIS de septiembre que tiene, por as\u00ed decirlo, m\u00e1s de una lectura.<\/p>\n<p><iframe loading=\"lazy\" title=\"YouTube video player\" src=\"https:\/\/www.youtube.com\/embed\/mo7UIMepTpg?si=UVxEpAlc6F9EZ9nT\" width=\"560\" height=\"315\" frameborder=\"0\" allowfullscreen=\"allowfullscreen\"><\/iframe><\/p>\n","protected":false},"excerpt":{"rendered":"<p>Javi de Diego es Soci\u00f3logo y tiene un podcast en YouTube llamado \u201cSocialmind\u201d en \u00e9l habla en clips cortos sobre realidades sociales en Espa\u00f1a, natalidad, prostituci\u00f3n, nupcialidad\u2026 etc, en este cap\u00edtulo que os compartimos analiza el bar\u00f3metro del CIS de septiembre que tiene, por as\u00ed decirlo, m\u00e1s de una lectura.<\/p>\n","protected":false},"author":1,"featured_media":7232,"comment_status":"open","ping_status":"closed","sticky":false,"template":"","format":"standard","meta":{"_et_pb_use_builder":"","_et_pb_old_content":"","_et_gb_content_width":"","_jetpack_newsletter_access":"","_jetpack_dont_email_post_to_subs":false,"_jetpack_newsletter_tier_id":0,"_jetpack_memberships_contains_paywalled_content":false,"_jetpack_feature_clip_id":0,"_jetpack_memberships_contains_paid_content":false,"footnotes":"","jetpack_post_was_ever_published":false},"categories":[257],"tags":[],"class_list":["post-7231","post","type-post","status-publish","format-standard","has-post-thumbnail","hentry","category-boletin-6-30-09-2024"],"jetpack_sharing_enabled":true,"jetpack_featured_media_url":"https:\/\/i0.wp.com\/migrantesenigualdad.es\/wp-content\/uploads\/2024\/09\/Captura-de-pantalla-2024-09-30-133117.png?fit=1080%2C528&ssl=1","post_mailing_queue_ids":[],"_links":{"self":[{"href":"https:\/\/migrantesenigualdad.es\/index.php\/wp-json\/wp\/v2\/posts\/7231","targetHints":{"allow":["GET"]}}],"collection":[{"href":"https:\/\/migrantesenigualdad.es\/index.php\/wp-json\/wp\/v2\/posts"}],"about":[{"href":"https:\/\/migrantesenigualdad.es\/index.php\/wp-json\/wp\/v2\/types\/post"}],"author":[{"embeddable":true,"href":"https:\/\/migrantesenigualdad.es\/index.php\/wp-json\/wp\/v2\/users\/1"}],"replies":[{"embeddable":true,"href":"https:\/\/migrantesenigualdad.es\/index.php\/wp-json\/wp\/v2\/comments?post=7231"}],"version-history":[{"count":6,"href":"https:\/\/migrantesenigualdad.es\/index.php\/wp-json\/wp\/v2\/posts\/7231\/revisions"}],"predecessor-version":[{"id":7265,"href":"https:\/\/migrantesenigualdad.es\/index.php\/wp-json\/wp\/v2\/posts\/7231\/revisions\/7265"}],"wp:featuredmedia":[{"embeddable":true,"href":"https:\/\/migrantesenigualdad.es\/index.php\/wp-json\/wp\/v2\/media\/7232"}],"wp:attachment":[{"href":"https:\/\/migrantesenigualdad.es\/index.php\/wp-json\/wp\/v2\/media?parent=7231"}],"wp:term":[{"taxonomy":"category","embeddable":true,"href":"https:\/\/migrantesenigualdad.es\/index.php\/wp-json\/wp\/v2\/categories?post=7231"},{"taxonomy":"post_tag","embeddable":true,"href":"https:\/\/migrantesenigualdad.es\/index.php\/wp-json\/wp\/v2\/tags?post=7231"}],"curies":[{"name":"wp","href":"https:\/\/api.w.org\/{rel}","templated":true}]}}