{"id":7227,"date":"2024-09-30T14:04:20","date_gmt":"2024-09-30T12:04:20","guid":{"rendered":"https:\/\/migrantesenigualdad.es\/?p=7227"},"modified":"2024-10-01T11:45:07","modified_gmt":"2024-10-01T09:45:07","slug":"red-de-seguimiento","status":"publish","type":"post","link":"https:\/\/migrantesenigualdad.es\/index.php\/2024\/09\/30\/red-de-seguimiento\/","title":{"rendered":"Nueva sesi\u00f3n de la red de detecci\u00f3n y seguimiento de delitos de odio"},"content":{"rendered":"<p>El pr\u00f3ximo 3 de octubre, a las 11:00 horas tenemos la 3\u00aa sesi\u00f3n de la Red de Seguimiento de Incidentes y\/o Delitos de Odio. En esta ocasi\u00f3n Charo Alises, asesora jur\u00eddica de Kamira, hablar\u00e1 sobre estrategias para combatir los discursos de odio.<\/p>\n<p>&nbsp;<\/p>\n<p>Es un encuentro on-line y para asistir puedes acceder al formulario de inscripci\u00f3n a trav\u00e9s del c\u00f3digo QR insertado en el cartel.<\/p>\n<p>&nbsp;<\/p>\n","protected":false},"excerpt":{"rendered":"<p>El pr\u00f3ximo 3 de octubre, a las 11:00 horas tenemos la 3\u00aa sesi\u00f3n de la Red de Seguimiento de Incidentes y\/o Delitos de Odio. En esta ocasi\u00f3n Charo Alises, asesora jur\u00eddica de Kamira, hablar\u00e1 sobre estrategias para combatir los discursos de odio. &nbsp; Es un encuentro on-line y para asistir puedes acceder al formulario de [&hellip;]<\/p>\n","protected":false},"author":1,"featured_media":7254,"comment_status":"open","ping_status":"closed","sticky":false,"template":"","format":"standard","meta":{"_et_pb_use_builder":"","_et_pb_old_content":"","_et_gb_content_width":"","_jetpack_newsletter_access":"","_jetpack_dont_email_post_to_subs":false,"_jetpack_newsletter_tier_id":0,"_jetpack_memberships_contains_paywalled_content":false,"_jetpack_feature_clip_id":0,"_jetpack_memberships_contains_paid_content":false,"footnotes":"","jetpack_post_was_ever_published":false},"categories":[257],"tags":[],"class_list":["post-7227","post","type-post","status-publish","format-standard","has-post-thumbnail","hentry","category-boletin-6-30-09-2024"],"jetpack_sharing_enabled":true,"jetpack_featured_media_url":"https:\/\/i0.wp.com\/migrantesenigualdad.es\/wp-content\/uploads\/2024\/09\/Discurso-de-odio.jpg?fit=1241%2C1754&ssl=1","post_mailing_queue_ids":[],"_links":{"self":[{"href":"https:\/\/migrantesenigualdad.es\/index.php\/wp-json\/wp\/v2\/posts\/7227","targetHints":{"allow":["GET"]}}],"collection":[{"href":"https:\/\/migrantesenigualdad.es\/index.php\/wp-json\/wp\/v2\/posts"}],"about":[{"href":"https:\/\/migrantesenigualdad.es\/index.php\/wp-json\/wp\/v2\/types\/post"}],"author":[{"embeddable":true,"href":"https:\/\/migrantesenigualdad.es\/index.php\/wp-json\/wp\/v2\/users\/1"}],"replies":[{"embeddable":true,"href":"https:\/\/migrantesenigualdad.es\/index.php\/wp-json\/wp\/v2\/comments?post=7227"}],"version-history":[{"count":3,"href":"https:\/\/migrantesenigualdad.es\/index.php\/wp-json\/wp\/v2\/posts\/7227\/revisions"}],"predecessor-version":[{"id":7262,"href":"https:\/\/migrantesenigualdad.es\/index.php\/wp-json\/wp\/v2\/posts\/7227\/revisions\/7262"}],"wp:featuredmedia":[{"embeddable":true,"href":"https:\/\/migrantesenigualdad.es\/index.php\/wp-json\/wp\/v2\/media\/7254"}],"wp:attachment":[{"href":"https:\/\/migrantesenigualdad.es\/index.php\/wp-json\/wp\/v2\/media?parent=7227"}],"wp:term":[{"taxonomy":"category","embeddable":true,"href":"https:\/\/migrantesenigualdad.es\/index.php\/wp-json\/wp\/v2\/categories?post=7227"},{"taxonomy":"post_tag","embeddable":true,"href":"https:\/\/migrantesenigualdad.es\/index.php\/wp-json\/wp\/v2\/tags?post=7227"}],"curies":[{"name":"wp","href":"https:\/\/api.w.org\/{rel}","templated":true}]}}