{"id":7211,"date":"2024-08-29T14:27:51","date_gmt":"2024-08-29T12:27:51","guid":{"rendered":"https:\/\/migrantesenigualdad.es\/?p=7211"},"modified":"2024-08-29T14:35:17","modified_gmt":"2024-08-29T12:35:17","slug":"tu-proyecto-social-2023","status":"publish","type":"post","link":"https:\/\/migrantesenigualdad.es\/index.php\/2024\/08\/29\/tu-proyecto-social-2023\/","title":{"rendered":"Tu proyecto social 2023"},"content":{"rendered":"<div class=\"xdj266r x11i5rnm xat24cr x1mh8g0r x1vvkbs x126k92a\">\n<div dir=\"auto\" style=\"text-align: justify;\">La Fundaci\u00f3n M\u00e1rgenes y V\u00ednculos atendi\u00f3 a lo largo de 2023 a 88.829 personas, un considerable aumento respecto a 2022, cuando atendi\u00f3 a 81.900.<\/div>\n<div dir=\"auto\" style=\"text-align: justify;\">El presidente de M\u00e1rgenes y V\u00ednculos, Francisco Mena de Mira, hizo p\u00fablicos estos datos en la presentaci\u00f3n de la memoria anual de 2023 de la entidad, asegurando que esta es un fiel reflejo del compromiso social de lucha contra las desigualdades y del posicionamiento social al lado de la infancia, las familias en riesgo de exclusi\u00f3n social y los sectores sociales m\u00e1s desfavorecidos.<\/div>\n<div dir=\"auto\" style=\"text-align: justify;\">El acto se desarroll\u00f3 el pasado martes 27 de agosto en la sede de la Subdelegaci\u00f3n de la Junta de Andaluc\u00eda en el Campo de Gibraltar y Mena estuvo acompa\u00f1ado por el delegado territorial de Inclusi\u00f3n Social, Juventud, Familias e Igualdad en C\u00e1diz, Alfonso Cand\u00f3n Ad\u00e1n, y el subdelegado de la Junta de Andaluc\u00eda en el Campo de Gibraltar, Javier Rodr\u00edguez Ros.<\/div>\n<div dir=\"auto\" style=\"text-align: justify;\">La memoria institucional 2023 est\u00e1 disponible en formato pdf y puedes descargarla a trav\u00e9s del siguiente link:<\/div>\n<div dir=\"auto\"><\/div>\n<\/div>\n<div class=\"x11i5rnm xat24cr x1mh8g0r x1vvkbs xtlvy1s x126k92a\">\n<div dir=\"auto\" style=\"text-align: justify;\"><span class=\"html-span xdj266r x11i5rnm xat24cr x1mh8g0r xexx8yu x4uap5 x18d9i69 xkhd6sd x1hl2dhg x16tdsg8 x1vvkbs\"><a class=\"x1i10hfl xjbqb8w x1ejq31n xd10rxx x1sy0etr x17r0tee x972fbf xcfux6l x1qhh985 xm0m39n x9f619 x1ypdohk xt0psk2 xe8uvvx xdj266r x11i5rnm xat24cr x1mh8g0r xexx8yu x4uap5 x18d9i69 xkhd6sd x16tdsg8 x1hl2dhg xggy1nq x1a2a7pz x1sur9pj xkrqix3 x1fey0fg\" tabindex=\"0\" role=\"link\" href=\"https:\/\/fmyv.es\/wp-content\/uploads\/2024\/08\/Memoria-Institucional-2023_-Paginas-pdf.io_.pdf?fbclid=IwZXh0bgNhZW0CMTAAAR3TFce3oVUl2rRUvsfq1Q3PrZRBPQSDSDU_Lj2gF93cJk9N2eMm2RHwfQ4_aem_iKXfcs0rkKncSyfNzmUikw\" target=\"_blank\" rel=\"nofollow noopener noreferrer\">TU PROYECTO SOCIAL 2023<\/a><\/span><\/div>\n<\/div>\n","protected":false},"excerpt":{"rendered":"<p>La Fundaci\u00f3n M\u00e1rgenes y V\u00ednculos atendi\u00f3 a lo largo de 2023 a 88.829 personas, un considerable aumento respecto a 2022, cuando atendi\u00f3 a 81.900. El presidente de M\u00e1rgenes y V\u00ednculos, Francisco Mena de Mira, hizo p\u00fablicos estos datos en la presentaci\u00f3n de la memoria anual de 2023 de la entidad, asegurando que esta es un [&hellip;]<\/p>\n","protected":false},"author":2,"featured_media":7212,"comment_status":"open","ping_status":"closed","sticky":false,"template":"","format":"standard","meta":{"_et_pb_use_builder":"","_et_pb_old_content":"","_et_gb_content_width":"","_jetpack_newsletter_access":"","_jetpack_dont_email_post_to_subs":false,"_jetpack_newsletter_tier_id":0,"_jetpack_memberships_contains_paywalled_content":false,"_jetpack_feature_clip_id":0,"_jetpack_memberships_contains_paid_content":false,"footnotes":"","jetpack_post_was_ever_published":false},"categories":[173],"tags":[],"class_list":["post-7211","post","type-post","status-publish","format-standard","has-post-thumbnail","hentry","category-informes"],"jetpack_sharing_enabled":true,"jetpack_featured_media_url":"https:\/\/i0.wp.com\/migrantesenigualdad.es\/wp-content\/uploads\/2024\/08\/portada-memoria.png?fit=873%2C502&ssl=1","post_mailing_queue_ids":[],"_links":{"self":[{"href":"https:\/\/migrantesenigualdad.es\/index.php\/wp-json\/wp\/v2\/posts\/7211","targetHints":{"allow":["GET"]}}],"collection":[{"href":"https:\/\/migrantesenigualdad.es\/index.php\/wp-json\/wp\/v2\/posts"}],"about":[{"href":"https:\/\/migrantesenigualdad.es\/index.php\/wp-json\/wp\/v2\/types\/post"}],"author":[{"embeddable":true,"href":"https:\/\/migrantesenigualdad.es\/index.php\/wp-json\/wp\/v2\/users\/2"}],"replies":[{"embeddable":true,"href":"https:\/\/migrantesenigualdad.es\/index.php\/wp-json\/wp\/v2\/comments?post=7211"}],"version-history":[{"count":2,"href":"https:\/\/migrantesenigualdad.es\/index.php\/wp-json\/wp\/v2\/posts\/7211\/revisions"}],"predecessor-version":[{"id":7214,"href":"https:\/\/migrantesenigualdad.es\/index.php\/wp-json\/wp\/v2\/posts\/7211\/revisions\/7214"}],"wp:featuredmedia":[{"embeddable":true,"href":"https:\/\/migrantesenigualdad.es\/index.php\/wp-json\/wp\/v2\/media\/7212"}],"wp:attachment":[{"href":"https:\/\/migrantesenigualdad.es\/index.php\/wp-json\/wp\/v2\/media?parent=7211"}],"wp:term":[{"taxonomy":"category","embeddable":true,"href":"https:\/\/migrantesenigualdad.es\/index.php\/wp-json\/wp\/v2\/categories?post=7211"},{"taxonomy":"post_tag","embeddable":true,"href":"https:\/\/migrantesenigualdad.es\/index.php\/wp-json\/wp\/v2\/tags?post=7211"}],"curies":[{"name":"wp","href":"https:\/\/api.w.org\/{rel}","templated":true}]}}