{"id":7178,"date":"2024-08-22T12:22:50","date_gmt":"2024-08-22T10:22:50","guid":{"rendered":"https:\/\/migrantesenigualdad.es\/?p=7178"},"modified":"2024-08-28T11:45:05","modified_gmt":"2024-08-28T09:45:05","slug":"estudio-del-cear-sobre-el-pacto-europeo-de-migraciones-y-asilo","status":"publish","type":"post","link":"https:\/\/migrantesenigualdad.es\/index.php\/2024\/08\/22\/estudio-del-cear-sobre-el-pacto-europeo-de-migraciones-y-asilo\/","title":{"rendered":"Estudio del CEAR sobre el Pacto Europeo de Migraciones y Asilo"},"content":{"rendered":"<p>PACTO EUROPEO SOBRE MIGRACI\u00d3N Y ASILO. RETOS Y AMENAZAS PARA LOS DERECHOS HUMANOS<\/p>\n<p>La Comisi\u00f3n Espa\u00f1ola de Ayuda al Refugiado ha publicado el estudio <em>Pacto Europeo sobre Migraci\u00f3n y asilo. Retos y amenazas para los derechos humanos,<\/em> en el que se reflexiona sobre el endurecimiento de las pol\u00edticas migratorias en la UE, enfocado en el Pacto Europeo de Migraci\u00f3n y Asilo que entrar\u00e1 en vigor en 2026. Este pacto ha sido duramente criticado por diversas organizaciones humanitarias y algunos eurodiputados, ya que entienden que criminaliza a las organizaciones no gubernamentales de rescate y legitima pr\u00e1cticas que vulneran los derechos humanos como las deportaciones en caliente o la separaci\u00f3n de madres e hijos en los centros de internamiento de extranjeros.<\/p>\n<p><a href=\"https:\/\/migrantesenigualdad.es\/wp-content\/uploads\/2024\/08\/Pacto-Europeo-de-Migracion-y-Asilo-retos-y-amenazas.pdf\" target=\"_blank\" rel=\"noopener\">Descargar informe<\/a><\/p>\n","protected":false},"excerpt":{"rendered":"<p>PACTO EUROPEO SOBRE MIGRACI\u00d3N Y ASILO. RETOS Y AMENAZAS PARA LOS DERECHOS HUMANOS La Comisi\u00f3n Espa\u00f1ola de Ayuda al Refugiado ha publicado el estudio Pacto Europeo sobre Migraci\u00f3n y asilo. Retos y amenazas para los derechos humanos, en el que se reflexiona sobre el endurecimiento de las pol\u00edticas migratorias en la UE, enfocado en el [&hellip;]<\/p>\n","protected":false},"author":1,"featured_media":7192,"comment_status":"open","ping_status":"closed","sticky":false,"template":"","format":"standard","meta":{"_et_pb_use_builder":"","_et_pb_old_content":"","_et_gb_content_width":"","_jetpack_newsletter_access":"","_jetpack_dont_email_post_to_subs":false,"_jetpack_newsletter_tier_id":0,"_jetpack_memberships_contains_paywalled_content":false,"_jetpack_feature_clip_id":0,"_jetpack_memberships_contains_paid_content":false,"footnotes":"","jetpack_post_was_ever_published":false},"categories":[256,173],"tags":[],"class_list":["post-7178","post","type-post","status-publish","format-standard","has-post-thumbnail","hentry","category-boletin-5-30-08-2024","category-informes"],"jetpack_sharing_enabled":true,"jetpack_featured_media_url":"https:\/\/i0.wp.com\/migrantesenigualdad.es\/wp-content\/uploads\/2024\/08\/pacto.jpg?fit=527%2C326&ssl=1","post_mailing_queue_ids":[],"_links":{"self":[{"href":"https:\/\/migrantesenigualdad.es\/index.php\/wp-json\/wp\/v2\/posts\/7178","targetHints":{"allow":["GET"]}}],"collection":[{"href":"https:\/\/migrantesenigualdad.es\/index.php\/wp-json\/wp\/v2\/posts"}],"about":[{"href":"https:\/\/migrantesenigualdad.es\/index.php\/wp-json\/wp\/v2\/types\/post"}],"author":[{"embeddable":true,"href":"https:\/\/migrantesenigualdad.es\/index.php\/wp-json\/wp\/v2\/users\/1"}],"replies":[{"embeddable":true,"href":"https:\/\/migrantesenigualdad.es\/index.php\/wp-json\/wp\/v2\/comments?post=7178"}],"version-history":[{"count":4,"href":"https:\/\/migrantesenigualdad.es\/index.php\/wp-json\/wp\/v2\/posts\/7178\/revisions"}],"predecessor-version":[{"id":7207,"href":"https:\/\/migrantesenigualdad.es\/index.php\/wp-json\/wp\/v2\/posts\/7178\/revisions\/7207"}],"wp:featuredmedia":[{"embeddable":true,"href":"https:\/\/migrantesenigualdad.es\/index.php\/wp-json\/wp\/v2\/media\/7192"}],"wp:attachment":[{"href":"https:\/\/migrantesenigualdad.es\/index.php\/wp-json\/wp\/v2\/media?parent=7178"}],"wp:term":[{"taxonomy":"category","embeddable":true,"href":"https:\/\/migrantesenigualdad.es\/index.php\/wp-json\/wp\/v2\/categories?post=7178"},{"taxonomy":"post_tag","embeddable":true,"href":"https:\/\/migrantesenigualdad.es\/index.php\/wp-json\/wp\/v2\/tags?post=7178"}],"curies":[{"name":"wp","href":"https:\/\/api.w.org\/{rel}","templated":true}]}}