{"id":7176,"date":"2024-08-22T12:24:15","date_gmt":"2024-08-22T10:24:15","guid":{"rendered":"https:\/\/migrantesenigualdad.es\/?p=7176"},"modified":"2024-08-29T13:37:08","modified_gmt":"2024-08-29T11:37:08","slug":"noticias-breves-2","status":"publish","type":"post","link":"https:\/\/migrantesenigualdad.es\/index.php\/2024\/08\/22\/noticias-breves-2\/","title":{"rendered":"Noticias breves"},"content":{"rendered":"<h4 style=\"text-align: justify;\"><img data-recalc-dims=\"1\" loading=\"lazy\" decoding=\"async\" class=\"wp-image-7187 alignleft\" src=\"https:\/\/i0.wp.com\/migrantesenigualdad.es\/wp-content\/uploads\/2024\/08\/Albiol.jpg?resize=240%2C158&#038;ssl=1\" alt=\"\" width=\"240\" height=\"158\" \/>Diario P\u00fablico: El PP evita censurar el mensaje xen\u00f3fobo de Garc\u00eda Albiol sobre los migrantes<\/h4>\n<p style=\"text-align: justify;\">La direcci\u00f3n del PP ha evitado criticar el mensaje xen\u00f3fobo del alcalde de Badalona, Xavier Garc\u00eda Albiol, sobre hombres marroqu\u00edes en un ferry, mientras que su vicesecretaria de Igualdad se desmarc\u00f3 de discursos similares de Vox, pero sin censurar el de su compa\u00f1ero de partido.<\/p>\n<p style=\"text-align: right;\"><a href=\"https:\/\/www.publico.es\/politica\/pp-evita-censurar-mensaje-xenofobo-garcia-albiol-migrantes.html#md=modulo-portada-bloque:2col-t1;mm=mobile-big\">M\u00e1s informaci\u00f3n<\/a><\/p>\n<hr \/>\n<h4><\/h4>\n<h4 style=\"text-align: justify;\"><img data-recalc-dims=\"1\" loading=\"lazy\" decoding=\"async\" class=\"wp-image-7188 alignleft\" src=\"https:\/\/i0.wp.com\/migrantesenigualdad.es\/wp-content\/uploads\/2024\/08\/55014329697-FF-MANIFESTACION-EXTREMA-DERECHA-RACISMO-MANCHESTER-REINO-UNIDO-STR-EFE-20240803-1-1920x520-1-e1724327282151-300x220.jpg?resize=251%2C184&#038;ssl=1\" alt=\"\" width=\"251\" height=\"184\" \/>Newtral: Los bulos y desinformaciones que alimentan las protestas antiinmigraci\u00f3n en Reino Unido<\/h4>\n<p>Las protestas antiinmigraci\u00f3n en Reino Unido se iniciaron tras un bulo sobre un asesinato atribuido falsamente a un \u00abinmigrante ilegal\u00bb. A pesar del desmentido policial, la desinformaci\u00f3n continu\u00f3, incluyendo la difusi\u00f3n de un video antiguo como si fuera de las actuales protestas.<\/p>\n<p style=\"text-align: right;\"><a href=\"https:\/\/www.newtral.es\/bulos-protestas-reino-unido\/20240809\/\">Mas informaci\u00f3n<\/a><\/p>\n<p>&nbsp;<\/p>\n<hr \/>\n<h4><\/h4>\n<h4 style=\"text-align: justify;\"><img data-recalc-dims=\"1\" loading=\"lazy\" decoding=\"async\" class=\"alignleft\" src=\"https:\/\/i0.wp.com\/www.publico.es\/uploads\/2024\/08\/19\/66c3563cc29c0.jpeg?resize=256%2C171&#038;ssl=1\" alt=\"\" width=\"256\" height=\"171\" \/>Diario P\u00fablico: El asesinato de Mocej\u00f3n: as\u00ed operan los ultras para expandir odio y bulos racistas en las redes<\/h4>\n<p>El asesinato de Mateo, un ni\u00f1o de 11 a\u00f1os en Mocej\u00f3n, provoc\u00f3 una avalancha de desinformaci\u00f3n y odio en redes sociales, amplificada por figuras de extrema derecha como Alvise P\u00e9rez. La propagaci\u00f3n de bulos aliment\u00f3 disturbios en Europa, mostrando el impacto devastador de las mentiras en la sociedad.<\/p>\n<p style=\"text-align: right;\"><a href=\"https:\/\/www.publico.es\/sociedad\/asesinato-mocejon-operan-ultras-expandir-odio-bulos-racistas-redes.html#analytics-sidebar:hoy-en-portada\">M\u00e1s informaci\u00f3n<\/a><\/p>\n<p>&nbsp;<\/p>\n","protected":false},"excerpt":{"rendered":"<p>Diario P\u00fablico: El PP evita censurar el mensaje xen\u00f3fobo de Garc\u00eda Albiol sobre los migrantes La direcci\u00f3n del PP ha evitado criticar el mensaje xen\u00f3fobo del alcalde de Badalona, Xavier Garc\u00eda Albiol, sobre hombres marroqu\u00edes en un ferry, mientras que su vicesecretaria de Igualdad se desmarc\u00f3 de discursos similares de Vox, pero sin censurar el [&hellip;]<\/p>\n","protected":false},"author":1,"featured_media":7017,"comment_status":"open","ping_status":"closed","sticky":false,"template":"","format":"standard","meta":{"_et_pb_use_builder":"","_et_pb_old_content":"","_et_gb_content_width":"","_jetpack_newsletter_access":"","_jetpack_dont_email_post_to_subs":false,"_jetpack_newsletter_tier_id":0,"_jetpack_memberships_contains_paywalled_content":false,"_jetpack_feature_clip_id":0,"_jetpack_memberships_contains_paid_content":false,"footnotes":"","jetpack_post_was_ever_published":false},"categories":[256],"tags":[],"class_list":["post-7176","post","type-post","status-publish","format-standard","has-post-thumbnail","hentry","category-boletin-5-30-08-2024"],"jetpack_sharing_enabled":true,"jetpack_featured_media_url":"https:\/\/i0.wp.com\/migrantesenigualdad.es\/wp-content\/uploads\/2024\/06\/old-texture-newspapers-stack-arrangement-scaled.jpg?fit=2560%2C1707&ssl=1","post_mailing_queue_ids":[],"_links":{"self":[{"href":"https:\/\/migrantesenigualdad.es\/index.php\/wp-json\/wp\/v2\/posts\/7176","targetHints":{"allow":["GET"]}}],"collection":[{"href":"https:\/\/migrantesenigualdad.es\/index.php\/wp-json\/wp\/v2\/posts"}],"about":[{"href":"https:\/\/migrantesenigualdad.es\/index.php\/wp-json\/wp\/v2\/types\/post"}],"author":[{"embeddable":true,"href":"https:\/\/migrantesenigualdad.es\/index.php\/wp-json\/wp\/v2\/users\/1"}],"replies":[{"embeddable":true,"href":"https:\/\/migrantesenigualdad.es\/index.php\/wp-json\/wp\/v2\/comments?post=7176"}],"version-history":[{"count":9,"href":"https:\/\/migrantesenigualdad.es\/index.php\/wp-json\/wp\/v2\/posts\/7176\/revisions"}],"predecessor-version":[{"id":7190,"href":"https:\/\/migrantesenigualdad.es\/index.php\/wp-json\/wp\/v2\/posts\/7176\/revisions\/7190"}],"wp:featuredmedia":[{"embeddable":true,"href":"https:\/\/migrantesenigualdad.es\/index.php\/wp-json\/wp\/v2\/media\/7017"}],"wp:attachment":[{"href":"https:\/\/migrantesenigualdad.es\/index.php\/wp-json\/wp\/v2\/media?parent=7176"}],"wp:term":[{"taxonomy":"category","embeddable":true,"href":"https:\/\/migrantesenigualdad.es\/index.php\/wp-json\/wp\/v2\/categories?post=7176"},{"taxonomy":"post_tag","embeddable":true,"href":"https:\/\/migrantesenigualdad.es\/index.php\/wp-json\/wp\/v2\/tags?post=7176"}],"curies":[{"name":"wp","href":"https:\/\/api.w.org\/{rel}","templated":true}]}}