{"id":7153,"date":"2024-08-22T12:25:40","date_gmt":"2024-08-22T10:25:40","guid":{"rendered":"https:\/\/migrantesenigualdad.es\/?p=7153"},"modified":"2024-09-02T14:47:39","modified_gmt":"2024-09-02T12:47:39","slug":"algeciras-auna-esfuerzos-contra-los-delitos-de-odio","status":"publish","type":"post","link":"https:\/\/migrantesenigualdad.es\/index.php\/2024\/08\/22\/algeciras-auna-esfuerzos-contra-los-delitos-de-odio\/","title":{"rendered":"Algeciras a\u00fana esfuerzos contra los delitos de odio"},"content":{"rendered":"<p style=\"text-align: justify;\"><strong>M\u00e1rgenes y V\u00ednculos, con el apoyo del Ayuntamiento de Algeciras, lanza una campa\u00f1a para compartir el discurso y los delitos de odio.<\/strong><\/p>\n<p style=\"text-align: justify;\"><strong>La carteler\u00eda incorpora un tel\u00e9fono de atenci\u00f3n a las v\u00edctimas 856 043 857 y un c\u00f3digo QR con el que poder contactar con el equipo del proyecto para solicitar asesoramiento en materia social, jur\u00eddica y psicol\u00f3gica.<\/strong><\/p>\n<p style=\"text-align: justify;\">La Fundaci\u00f3n M\u00e1rgenes y V\u00ednculos y el Ayuntamiento de Algeciras han unido esfuerzos para mostrar a la sociedad civil que la ciudadan\u00eda, en su conjunto, debe luchar por la erradicaci\u00f3n del discurso y los delitos de odio. Esta campa\u00f1a contra los delitos de odio se ha presentado esta ma\u00f1ana en la calle Regino Mart\u00ednez por la concejala de Igualdad y Bienestar Social, Paula Conesa, y el presidente de la Fundaci\u00f3n M\u00e1rgenes y V\u00ednculos, Francisco Mena.<\/p>\n<p style=\"text-align: justify;\">El consistorio algecire\u00f1o ha cedido gratuitamente treinta espacios de publicidad est\u00e1tica, con especial presencia en la zona sur de la ciudad, para dar visibilidad a esta campa\u00f1a de divulgaci\u00f3n contra los delitos de odios. Esta acci\u00f3n se encuadra dentro del proyecto Migrantes en igualdad, donde de forma integral se trabajan todas las herramientas que permiten a las v\u00edctimas de delitos de odio conocer la infracci\u00f3n legal en toda su amplitud, cu\u00e1les son los protocolos de actuaci\u00f3n y recibir asesoramiento jur\u00eddico, social y psicol\u00f3gico durante las actuaciones ejercidas.<\/p>\n<p style=\"text-align: justify;\"><img data-recalc-dims=\"1\" loading=\"lazy\" decoding=\"async\" class=\"aligncenter wp-image-7156 size-large\" src=\"https:\/\/i0.wp.com\/migrantesenigualdad.es\/wp-content\/uploads\/2024\/08\/MIGRANTES-DELITOS-ODIO-2-scaled-1.jpg?resize=1024%2C576&#038;ssl=1\" alt=\"\" width=\"1024\" height=\"576\" srcset=\"https:\/\/migrantesenigualdad.es\/wp-content\/uploads\/2024\/08\/MIGRANTES-DELITOS-ODIO-2-scaled-1-980x551.jpg 980w, https:\/\/migrantesenigualdad.es\/wp-content\/uploads\/2024\/08\/MIGRANTES-DELITOS-ODIO-2-scaled-1-480x270.jpg 480w\" sizes=\"(min-width: 0px) and (max-width: 480px) 480px, (min-width: 481px) and (max-width: 980px) 980px, (min-width: 981px) 1024px, 100vw\" \/><\/p>\n<p style=\"text-align: justify;\">La coordinadora de Migrantes en igualdad, To\u00f1i de Amuedo, ha indicado que se trata de una campa\u00f1a potente y significativa que, pone de manifiesto una realidad donde todos deben conocer que los comportamientos inapropiados generan un tipo penal perseguido por la ley. Amuedo ha remarcado que, en el proyecto Migrantes en igualdad, se presta una atenci\u00f3n integral que orienta, asesora y acompa\u00f1a a las v\u00edctimas. Estas actuaciones nos han permitido atender a m\u00e1s de 400 personas en el Campo de Gibraltar y Ceuta, lo que demuestra lo necesarias que son este tipo de acciones, que permiten que las v\u00edctimas de odio encuentren un espacio seguro en el que se sientan acompa\u00f1adas.<\/p>\n<p>&nbsp;<\/p>\n<p style=\"text-align: justify;\">Francisco Mena ha dicho que el compromiso contra la discriminaci\u00f3n y la desigualdad de M\u00e1rgenes y V\u00ednculos, es un objetivo que forma parte del ADN de la fundaci\u00f3n. Mena ha agradecido al Ayuntamiento de Algeciras su colaboraci\u00f3n en esta campa\u00f1a a\u00f1adiendo que, es importante concienciar a las v\u00edctimas de delitos de odio de que pueden acudir a nosotros si se sienten rechazados, insultados o discriminados, incluso en situaciones que parecen no ser delitos de odio, pero que s\u00ed lo son y tambi\u00e9n hay que brindarles la atenci\u00f3n social, psicol\u00f3gica y jur\u00eddica necesaria. \u00abSocial y humanamente, tenemos que estar ah\u00ed todo el conjunto de la sociedad\u00bb, asegur\u00f3.<\/p>\n<p><img data-recalc-dims=\"1\" loading=\"lazy\" decoding=\"async\" class=\"alignnone wp-image-7155\" style=\"text-align: justify;\" src=\"https:\/\/i0.wp.com\/migrantesenigualdad.es\/wp-content\/uploads\/2024\/08\/CARTELES-MUPIS-FMyV-DELITOS-ODIO-1-1.png?resize=365%2C512&#038;ssl=1\" alt=\"\" width=\"365\" height=\"512\" \/><img data-recalc-dims=\"1\" loading=\"lazy\" decoding=\"async\" class=\"alignright wp-image-7154\" style=\"text-align: justify;\" src=\"https:\/\/i0.wp.com\/migrantesenigualdad.es\/wp-content\/uploads\/2024\/08\/CARTELES-MUPIS-FMyV-DELITOS-ODIO-2-1.png?resize=358%2C512&#038;ssl=1\" alt=\"\" width=\"358\" height=\"512\" \/><\/p>\n<p><span style=\"text-align: justify;\">El presidente de la <\/span><span style=\"text-align: justify;\">Fundaci\u00f3n ha manifestado que, la existencia del discurso de odio en medios, redes, tertulias <\/span><span style=\"text-align: justify;\">y la difusi\u00f3n de esos titulares y contenidos falsos, es una prioridad para que no surjan esas faltas y delitos de odio hacia las v\u00edctimas.<\/span><\/p>\n<p style=\"text-align: justify;\">La carteler\u00eda incorpora un tel\u00e9fono de atenci\u00f3n a las v\u00edctimas 856 043 857 y un c\u00f3digo QR con el que poder contactar con el equipo del proyecto para solicitar asesoramiento en materia social, jur\u00eddica y psicol\u00f3gica.<\/p>\n<p style=\"text-align: justify;\">Paula Conesa ha manifestado: \u201cDesde el Ayuntamiento de Algeciras estamos siempre dispuestos a participar en este tipo de iniciativas soc<span style=\"text-align: justify;\">iales tan importante para la concienciaci\u00f3n y la educaci\u00f3n de la sociedad en respeto, tolerancia e inte<\/span><span style=\"text-align: justify;\">graci\u00f3n. De hecho, el pasado 22 de julio, D\u00eda Europeo de las V\u00edctimas de Cr\u00edmenes de Odio, iluminamos nuestro Museo Municipal de azul, sum\u00e1ndonos a la convocatoria del Movimiento Contra la Intolerancia, que este a\u00f1o tiene como lema La tolerancia apaga el odio 2024, para conmemorar este d\u00eda\u201d. Conesa ha asegurado que Algeciras es un ejemplo de convivencia, pues en esta ciudad residen personas de 124 nacionalidades diferentes en paz y armon\u00eda, en parte gracias a la colaboraci\u00f3n de entidades como M\u00e1rgenes y V\u00ednculos.<\/span><\/p>\n<p style=\"text-align: justify;\">Durante todo el a\u00f1o, Migrantes en igualdad organiza acciones para informar en la calle a la sociedad civil y en especial de origen migrante como detectar incidentes, delitos o discursos de odio para contrarrestarlos y prevenirlos.<\/p>\n<p style=\"text-align: justify;\">Migrantes en igualdad es un proyecto integral de apoyo a v\u00edctimas o potenciales v\u00edctimas de delitos de odio por motivaci\u00f3n racista, xen\u00f3foba u otras formas de intolerancia asociada, que la Fundaci\u00f3n M\u00e1rgenes y V\u00ednculos lleva a cabo en la comarca del Campo de Gibraltar (C\u00e1diz) y en la ciudad aut\u00f3noma de Ceuta, financiado por el Ministerio de Inclusi\u00f3n, Seguridad Social y Migraciones y la cofinanciaci\u00f3n del Fondo Social Europeo +: Programa de Inclusi\u00f3n social, Garant\u00eda Infantil y Lucha contra la Pobreza.<\/p>\n","protected":false},"excerpt":{"rendered":"<p>M\u00e1rgenes y V\u00ednculos, con el apoyo del Ayuntamiento de Algeciras, lanza una campa\u00f1a para compartir el discurso y los delitos de odio. La carteler\u00eda incorpora un tel\u00e9fono de atenci\u00f3n a las v\u00edctimas 856 043 857 y un c\u00f3digo QR con el que poder contactar con el equipo del proyecto para solicitar asesoramiento en materia social, [&hellip;]<\/p>\n","protected":false},"author":2,"featured_media":7157,"comment_status":"open","ping_status":"closed","sticky":false,"template":"","format":"standard","meta":{"_et_pb_use_builder":"off","_et_pb_old_content":"","_et_gb_content_width":"","_jetpack_newsletter_access":"","_jetpack_dont_email_post_to_subs":false,"_jetpack_newsletter_tier_id":0,"_jetpack_memberships_contains_paywalled_content":false,"_jetpack_feature_clip_id":0,"_jetpack_memberships_contains_paid_content":false,"footnotes":"","jetpack_post_was_ever_published":false},"categories":[256],"tags":[],"class_list":["post-7153","post","type-post","status-publish","format-standard","has-post-thumbnail","hentry","category-boletin-5-30-08-2024"],"jetpack_sharing_enabled":true,"jetpack_featured_media_url":"https:\/\/i0.wp.com\/migrantesenigualdad.es\/wp-content\/uploads\/2024\/08\/MIGRANTES-DELITOS-ODIO-3-scaled-1.jpg?fit=2560%2C1440&ssl=1","post_mailing_queue_ids":[],"_links":{"self":[{"href":"https:\/\/migrantesenigualdad.es\/index.php\/wp-json\/wp\/v2\/posts\/7153","targetHints":{"allow":["GET"]}}],"collection":[{"href":"https:\/\/migrantesenigualdad.es\/index.php\/wp-json\/wp\/v2\/posts"}],"about":[{"href":"https:\/\/migrantesenigualdad.es\/index.php\/wp-json\/wp\/v2\/types\/post"}],"author":[{"embeddable":true,"href":"https:\/\/migrantesenigualdad.es\/index.php\/wp-json\/wp\/v2\/users\/2"}],"replies":[{"embeddable":true,"href":"https:\/\/migrantesenigualdad.es\/index.php\/wp-json\/wp\/v2\/comments?post=7153"}],"version-history":[{"count":13,"href":"https:\/\/migrantesenigualdad.es\/index.php\/wp-json\/wp\/v2\/posts\/7153\/revisions"}],"predecessor-version":[{"id":7218,"href":"https:\/\/migrantesenigualdad.es\/index.php\/wp-json\/wp\/v2\/posts\/7153\/revisions\/7218"}],"wp:featuredmedia":[{"embeddable":true,"href":"https:\/\/migrantesenigualdad.es\/index.php\/wp-json\/wp\/v2\/media\/7157"}],"wp:attachment":[{"href":"https:\/\/migrantesenigualdad.es\/index.php\/wp-json\/wp\/v2\/media?parent=7153"}],"wp:term":[{"taxonomy":"category","embeddable":true,"href":"https:\/\/migrantesenigualdad.es\/index.php\/wp-json\/wp\/v2\/categories?post=7153"},{"taxonomy":"post_tag","embeddable":true,"href":"https:\/\/migrantesenigualdad.es\/index.php\/wp-json\/wp\/v2\/tags?post=7153"}],"curies":[{"name":"wp","href":"https:\/\/api.w.org\/{rel}","templated":true}]}}