{"id":7130,"date":"2024-07-24T11:03:52","date_gmt":"2024-07-24T09:03:52","guid":{"rendered":"https:\/\/migrantesenigualdad.es\/?p=7130"},"modified":"2024-07-24T13:51:45","modified_gmt":"2024-07-24T11:51:45","slug":"no-vengo-a-hablar-de-racismo-5-palma-diaz","status":"publish","type":"post","link":"https:\/\/migrantesenigualdad.es\/index.php\/2024\/07\/24\/no-vengo-a-hablar-de-racismo-5-palma-diaz\/","title":{"rendered":"NO VENGO A HABLAR DE RACISMO #5 (PALMA D\u00cdAZ)"},"content":{"rendered":"<p>MENORES NO ACOMPA\u00d1ADOS, INMIGRANTES Y DISCURSOS DE ODIO<\/p>\n<p>En estos \u00faltimos tiempos volvemos a tener el acr\u00f3nimo MENA ante los ojos a trav\u00e9s de los medios de comunicaci\u00f3n y las redes sociales, debido a la saturaci\u00f3n de la administraci\u00f3n Canaria y a los intentos del Gobierno de acordar un reparto de los menores entre el resto de comunidades aut\u00f3nomas.<\/p>\n<p>En este escenario nos parece oportuno rescatar la entrevista que nuestra compa\u00f1era To\u00f1i de Amuedo le hizo a Palma D\u00edaz, directora de un recurso residencial para Menores Extranjeros No Acompa\u00f1ados, la cual nos refer\u00eda su visi\u00f3n desde su dilatada experiencia laboral sobre la realidad de estos llamados \u00abMENAS\u00bb y c\u00f3mo los discursos de odio que recaen sobre ellos hab\u00edan logrado crear una conciencia negativa en la sociedad sobre estas\/os ni\u00f1as\/os, que distaba mucho de la realidad de entonces y la actual.<\/p>\n<p><iframe loading=\"lazy\" title=\"YouTube video player\" src=\"https:\/\/www.youtube.com\/embed\/okYft5VMg0g?si=Vc4vgVwXMjmU8z3E\" width=\"560\" height=\"315\" frameborder=\"0\" allowfullscreen=\"allowfullscreen\"><\/iframe><\/p>\n","protected":false},"excerpt":{"rendered":"<p>MENORES NO ACOMPA\u00d1ADOS, INMIGRANTES Y DISCURSOS DE ODIO En estos \u00faltimos tiempos volvemos a tener el acr\u00f3nimo MENA ante los ojos a trav\u00e9s de los medios de comunicaci\u00f3n y las redes sociales, debido a la saturaci\u00f3n de la administraci\u00f3n Canaria y a los intentos del Gobierno de acordar un reparto de los menores entre el [&hellip;]<\/p>\n","protected":false},"author":2,"featured_media":7134,"comment_status":"open","ping_status":"closed","sticky":false,"template":"","format":"standard","meta":{"_et_pb_use_builder":"","_et_pb_old_content":"","_et_gb_content_width":"","_jetpack_newsletter_access":"","_jetpack_dont_email_post_to_subs":false,"_jetpack_newsletter_tier_id":0,"_jetpack_memberships_contains_paywalled_content":false,"_jetpack_feature_clip_id":0,"_jetpack_memberships_contains_paid_content":false,"footnotes":"","jetpack_post_was_ever_published":false},"categories":[255,248],"tags":[],"class_list":["post-7130","post","type-post","status-publish","format-standard","has-post-thumbnail","hentry","category-boletin-4-01-08-2024","category-entrevistas-no-vengo-a-hablar-de-racismo"],"jetpack_sharing_enabled":true,"jetpack_featured_media_url":"https:\/\/i0.wp.com\/migrantesenigualdad.es\/wp-content\/uploads\/2024\/07\/Captura-de-pantalla-2024-07-24-134728.png?fit=1918%2C1078&ssl=1","post_mailing_queue_ids":[],"_links":{"self":[{"href":"https:\/\/migrantesenigualdad.es\/index.php\/wp-json\/wp\/v2\/posts\/7130","targetHints":{"allow":["GET"]}}],"collection":[{"href":"https:\/\/migrantesenigualdad.es\/index.php\/wp-json\/wp\/v2\/posts"}],"about":[{"href":"https:\/\/migrantesenigualdad.es\/index.php\/wp-json\/wp\/v2\/types\/post"}],"author":[{"embeddable":true,"href":"https:\/\/migrantesenigualdad.es\/index.php\/wp-json\/wp\/v2\/users\/2"}],"replies":[{"embeddable":true,"href":"https:\/\/migrantesenigualdad.es\/index.php\/wp-json\/wp\/v2\/comments?post=7130"}],"version-history":[{"count":3,"href":"https:\/\/migrantesenigualdad.es\/index.php\/wp-json\/wp\/v2\/posts\/7130\/revisions"}],"predecessor-version":[{"id":7133,"href":"https:\/\/migrantesenigualdad.es\/index.php\/wp-json\/wp\/v2\/posts\/7130\/revisions\/7133"}],"wp:featuredmedia":[{"embeddable":true,"href":"https:\/\/migrantesenigualdad.es\/index.php\/wp-json\/wp\/v2\/media\/7134"}],"wp:attachment":[{"href":"https:\/\/migrantesenigualdad.es\/index.php\/wp-json\/wp\/v2\/media?parent=7130"}],"wp:term":[{"taxonomy":"category","embeddable":true,"href":"https:\/\/migrantesenigualdad.es\/index.php\/wp-json\/wp\/v2\/categories?post=7130"},{"taxonomy":"post_tag","embeddable":true,"href":"https:\/\/migrantesenigualdad.es\/index.php\/wp-json\/wp\/v2\/tags?post=7130"}],"curies":[{"name":"wp","href":"https:\/\/api.w.org\/{rel}","templated":true}]}}