{"id":7113,"date":"2024-07-24T11:04:52","date_gmt":"2024-07-24T09:04:52","guid":{"rendered":"https:\/\/migrantesenigualdad.es\/?p=7113"},"modified":"2024-07-24T13:50:59","modified_gmt":"2024-07-24T11:50:59","slug":"manifiesto-22-de-julio","status":"publish","type":"post","link":"https:\/\/migrantesenigualdad.es\/index.php\/2024\/07\/24\/manifiesto-22-de-julio\/","title":{"rendered":"MANIFIESTO 22 DE JULIO"},"content":{"rendered":"<p style=\"text-align: justify;\">Hoy, 22 de julio, conmemoraci\u00f3n del <strong>D\u00eda Europeo de las V\u00edctimas de los Cr\u00edmenes de Odio<\/strong>, la Fundaci\u00f3n M\u00e1rgenes y V\u00ednculos se une a la proclamaci\u00f3n del Consejo Europeo en recuerdo de las v\u00edctimas del crimen de odio terrorista de Oslo y Utoya de 2011, cuando setenta y siete personas que defend\u00edan una Europa tolerante e intercultural, fueron asesinadas por un autor que momentos antes de la masacre, public\u00f3 un manifiesto en el que <strong>expon\u00eda sus ideas nacionalistas, neonazis, antimarxistas. islam\u00f3fobas, xen\u00f3fobas y antimarxistas.<\/strong><\/p>\n<p style=\"text-align: justify;\">M\u00e1rgenes y V\u00ednculos se solidariza con estas y con todas las v\u00edctimas que, antes o despu\u00e9s de estos reprochables hechos, han sufrido atentados violentos y de odio, motivados por prejuicios y discriminaci\u00f3n hacia un estereotipo representado por una etnia, cultura, religi\u00f3n o condici\u00f3n sexual de la v\u00edctima.<\/p>\n<p style=\"text-align: justify;\">Este D\u00eda Europeo de las V\u00edctimas de los Cr\u00edmenes de Odio, nos brinda la oportunidad de reflexionar sobre las devastadoras consecuencias de los delitos de odio y reafirma nuestro <strong>compromiso en la lucha contra la intolerancia adem\u00e1s del apoyo a las personas v\u00edctimas<\/strong> o potenciales v\u00edctimas de delitos de odio.<\/p>\n<p style=\"text-align: justify;\">Esta fecha nos plantea la confianza suficiente para afianzarnos en que, como sociedad, <strong>debemos trabajar para erradicar el racismo, la xenofobia, la LGTBIfobia o cualquier forma de intolerancia asociada<\/strong>, empezando por el discurso de odio, causa de grandes faltas y delitos.<\/p>\n<p style=\"text-align: justify;\">La Fundaci\u00f3n M\u00e1rgenes y V\u00ednculos<strong> trabaja incansablemente para lograr una sociedad igualitaria<\/strong> en la que todas las personas vivan sin temor a ser objeto de acciones que conlleven un delito de odio y por ello:<\/p>\n<ul style=\"text-align: justify;\">\n<li><strong>Rechazamos el odio<\/strong>, comprometi\u00e9ndonos a erradicar cualquier forma de odio y a promover la empat\u00eda, la comprensi\u00f3n y el respeto mutuo. Creemos que la diversidad es nuestra mayor fortaleza y que todo el mundo merece vivir sin miedo ni violencia. Libre de discursos de odio y bulos que extienden el odio de forma generalizada.<\/li>\n<li><strong>Fomentamos la educaci\u00f3n y sensibilizaci\u00f3n<\/strong>, apostamos por una educaci\u00f3n inclusiva que impulse la diversidad cultural y la tolerancia. La ignorancia es el caldo de cultivo para el odio, y por ello es nuestro deber desmentir estereotipos y prejuicios.<\/li>\n<li><strong>Apoyamos a las v\u00edctimas<\/strong>, reconocemos el dolor y el sufrimiento de quienes han sido v\u00edctimas de delitos de odio. Con el proyecto Migrantes en igualdad nos comprometemos a brindar apoyo integral y asistencia jur\u00eddica y psicosocial a quienes han experimentado la violencia y la discriminaci\u00f3n. La informaci\u00f3n y formaci\u00f3n a las v\u00edctimas potenciales, es tambi\u00e9n un factor de protecci\u00f3n para colectivos vulnerables.<\/li>\n<li><strong>Reclamamos justicia<\/strong>, porque la infra denuncia es uno de los mayores problemas a la hora de actuar frente a los delitos de odio. Instamos a las v\u00edctimas y testigos a denunciar, a la vez que exigimos a las autoridades que investiguen y persigan a los responsables, porque la impunidad no puede ser tolerada.<\/li>\n<li><strong>Demandamos protecci\u00f3n integral de las v\u00edctimas<\/strong> a trav\u00e9s del sistema social, pol\u00edtico y jur\u00eddico, evitando la victimizaci\u00f3n secundaria.<\/li>\n<li><strong>Promocionamos la igualdad<\/strong> al trabajar con tenacidad para construir una sociedad m\u00e1s justa e igualitaria. Poner de manifiesto que cualquier tipo de discriminaci\u00f3n se basa en mecanismos id\u00e9nticos es crucial para ejercer una lucha transversal contra todo tipo de prejuicio. Esto implica luchar contra las estructuras y sistemas que perpet\u00faan la discriminaci\u00f3n y el odio.<\/li>\n<\/ul>\n<p style=\"text-align: left;\">En este D\u00eda Europeo de las V\u00edctimas de los Cr\u00edmenes de Odio estamos comprometidos en seguir aportando para construir un mundo donde todas las personas puedan vivir libres de miedo y violencia. La Fundaci\u00f3n M\u00e1rgenes y V\u00ednculos est\u00e1 en el camino de <strong>crear un futuro m\u00e1s justo<\/strong> para todos.<\/p>\n","protected":false},"excerpt":{"rendered":"<p>Hoy, 22 de julio, conmemoraci\u00f3n del D\u00eda Europeo de las V\u00edctimas de los Cr\u00edmenes de Odio, la Fundaci\u00f3n M\u00e1rgenes y V\u00ednculos se une a la proclamaci\u00f3n del Consejo Europeo en recuerdo de las v\u00edctimas del crimen de odio terrorista de Oslo y Utoya de 2011, cuando setenta y siete personas que defend\u00edan una Europa tolerante [&hellip;]<\/p>\n","protected":false},"author":2,"featured_media":7120,"comment_status":"open","ping_status":"closed","sticky":false,"template":"","format":"standard","meta":{"_et_pb_use_builder":"","_et_pb_old_content":"","_et_gb_content_width":"","_jetpack_newsletter_access":"","_jetpack_dont_email_post_to_subs":false,"_jetpack_newsletter_tier_id":0,"_jetpack_memberships_contains_paywalled_content":false,"_jetpack_feature_clip_id":0,"_jetpack_memberships_contains_paid_content":false,"footnotes":"","jetpack_post_was_ever_published":false},"categories":[255,246],"tags":[],"class_list":["post-7113","post","type-post","status-publish","format-standard","has-post-thumbnail","hentry","category-boletin-4-01-08-2024","category-conmemoraciones"],"jetpack_sharing_enabled":true,"jetpack_featured_media_url":"https:\/\/i0.wp.com\/migrantesenigualdad.es\/wp-content\/uploads\/2024\/07\/manifiesto_pages-to-jpg-0001-e1721725303434.jpg?fit=1240%2C269&ssl=1","post_mailing_queue_ids":[],"_links":{"self":[{"href":"https:\/\/migrantesenigualdad.es\/index.php\/wp-json\/wp\/v2\/posts\/7113","targetHints":{"allow":["GET"]}}],"collection":[{"href":"https:\/\/migrantesenigualdad.es\/index.php\/wp-json\/wp\/v2\/posts"}],"about":[{"href":"https:\/\/migrantesenigualdad.es\/index.php\/wp-json\/wp\/v2\/types\/post"}],"author":[{"embeddable":true,"href":"https:\/\/migrantesenigualdad.es\/index.php\/wp-json\/wp\/v2\/users\/2"}],"replies":[{"embeddable":true,"href":"https:\/\/migrantesenigualdad.es\/index.php\/wp-json\/wp\/v2\/comments?post=7113"}],"version-history":[{"count":8,"href":"https:\/\/migrantesenigualdad.es\/index.php\/wp-json\/wp\/v2\/posts\/7113\/revisions"}],"predecessor-version":[{"id":7127,"href":"https:\/\/migrantesenigualdad.es\/index.php\/wp-json\/wp\/v2\/posts\/7113\/revisions\/7127"}],"wp:featuredmedia":[{"embeddable":true,"href":"https:\/\/migrantesenigualdad.es\/index.php\/wp-json\/wp\/v2\/media\/7120"}],"wp:attachment":[{"href":"https:\/\/migrantesenigualdad.es\/index.php\/wp-json\/wp\/v2\/media?parent=7113"}],"wp:term":[{"taxonomy":"category","embeddable":true,"href":"https:\/\/migrantesenigualdad.es\/index.php\/wp-json\/wp\/v2\/categories?post=7113"},{"taxonomy":"post_tag","embeddable":true,"href":"https:\/\/migrantesenigualdad.es\/index.php\/wp-json\/wp\/v2\/tags?post=7113"}],"curies":[{"name":"wp","href":"https:\/\/api.w.org\/{rel}","templated":true}]}}